{"id":147775,"date":"2025-05-05T11:26:47","date_gmt":"2025-05-05T14:26:47","guid":{"rendered":"https:\/\/vinasfm.com\/noticias\/?p=147775"},"modified":"2025-05-06T10:26:52","modified_gmt":"2025-05-06T13:26:52","slug":"la-bailarina-melody-luz-dicto-una-capacitacion-de-danza-en-alvear","status":"publish","type":"post","link":"https:\/\/vinasfm.com\/noticias\/la-bailarina-melody-luz-dicto-una-capacitacion-de-danza-en-alvear\/","title":{"rendered":"LA BAILARINA MELODY LUZ DICT\u00d3 UNA CAPACITACI\u00d3N DE DANZA EN ALVEAR"},"content":{"rendered":"<h4><span style=\"color: #333399;\"><strong>El jueves 1\u00b0 de mayo, el Polideportivo Deportistas Alvearenses fue escenario de una jornada especial con la presencia de la reconocida bailarina Melody Luz, quien dict\u00f3 una capacitaci\u00f3n intensiva de danza. <\/strong><\/span><\/h4>\n<p>En su segunda visita a General Alvear, ella se mostr\u00f3 entusiasmada por el c\u00e1lido recibimiento y las condiciones del espacio, que en esta ocasi\u00f3n ofreci\u00f3 un ambiente m\u00e1s \u00edntimo para compartir con nuevas y anteriores participantes.<\/p>\n<p>Durante la clase, la artista no solo ense\u00f1\u00f3 t\u00e9cnicas y coreograf\u00edas, sino que tambi\u00e9n transmiti\u00f3 mensajes sobre la confianza, la decisi\u00f3n y el amor propio como valores fundamentales que acompa\u00f1an el arte del movimiento.<\/p>\n","protected":false},"excerpt":{"rendered":"<p>El jueves 1\u00b0 de mayo, el Polideportivo Deportistas Alvearenses fue escenario de una jornada especial con la presencia de la reconocida &#8230;<\/p>\n","protected":false},"author":7,"featured_media":147776,"comment_status":"open","ping_status":"open","sticky":false,"template":"","format":"standard","meta":{"footnotes":""},"categories":[10,11],"tags":[],"class_list":["post-147775","post","type-post","status-publish","format-standard","has-post-thumbnail","hentry","category-destacadas","category-sociales"],"_links":{"self":[{"href":"https:\/\/vinasfm.com\/noticias\/wp-json\/wp\/v2\/posts\/147775","targetHints":{"allow":["GET"]}}],"collection":[{"href":"https:\/\/vinasfm.com\/noticias\/wp-json\/wp\/v2\/posts"}],"about":[{"href":"https:\/\/vinasfm.com\/noticias\/wp-json\/wp\/v2\/types\/post"}],"author":[{"embeddable":true,"href":"https:\/\/vinasfm.com\/noticias\/wp-json\/wp\/v2\/users\/7"}],"replies":[{"embeddable":true,"href":"https:\/\/vinasfm.com\/noticias\/wp-json\/wp\/v2\/comments?post=147775"}],"version-history":[{"count":1,"href":"https:\/\/vinasfm.com\/noticias\/wp-json\/wp\/v2\/posts\/147775\/revisions"}],"predecessor-version":[{"id":147777,"href":"https:\/\/vinasfm.com\/noticias\/wp-json\/wp\/v2\/posts\/147775\/revisions\/147777"}],"wp:featuredmedia":[{"embeddable":true,"href":"https:\/\/vinasfm.com\/noticias\/wp-json\/wp\/v2\/media\/147776"}],"wp:attachment":[{"href":"https:\/\/vinasfm.com\/noticias\/wp-json\/wp\/v2\/media?parent=147775"}],"wp:term":[{"taxonomy":"category","embeddable":true,"href":"https:\/\/vinasfm.com\/noticias\/wp-json\/wp\/v2\/categories?post=147775"},{"taxonomy":"post_tag","embeddable":true,"href":"https:\/\/vinasfm.com\/noticias\/wp-json\/wp\/v2\/tags?post=147775"}],"curies":[{"name":"wp","href":"https:\/\/api.w.org\/{rel}","templated":true}]}}