{"id":147772,"date":"2025-05-05T10:50:08","date_gmt":"2025-05-05T13:50:08","guid":{"rendered":"https:\/\/vinasfm.com\/noticias\/?p=147772"},"modified":"2025-05-06T10:27:58","modified_gmt":"2025-05-06T13:27:58","slug":"operativo-alarcon-velazquez-21-conductores-alcoholizados-tras-mas-de-100-controles-en-mendoza","status":"publish","type":"post","link":"https:\/\/vinasfm.com\/noticias\/operativo-alarcon-velazquez-21-conductores-alcoholizados-tras-mas-de-100-controles-en-mendoza\/","title":{"rendered":"OPERATIVO \u201cALARC\u00d3N VEL\u00c1ZQUEZ\u201d: 21 CONDUCTORES ALCOHOLIZADOS TRAS M\u00c1S DE 100 CONTROLES EN MENDOZA"},"content":{"rendered":"<h4><span style=\"color: #003300;\"><strong>La jornada, que dur\u00f3 24 horas de operativos en toda la provincia, rindi\u00f3 homenaje a los agentes fallecidos y busc\u00f3 generar conciencia sobre los peligros de conducir bajo los efectos del alcohol.<\/strong><\/span><\/h4>\n<p>La <strong>Polic\u00eda Vial de Mendoza<\/strong> y la <strong>Agencia Nacional<\/strong> se sumaron a una jornada de controles de alcoholemia en toda la provincia, en el marco del operativo <em>\u201cAlarc\u00f3n Vel\u00e1zquez\u201d<\/em>, que tuvo una duraci\u00f3n de 24 horas. <strong>La iniciativa conmemor\u00f3 al agente de tr\u00e1nsito Santiago Vel\u00e1zquez y al efectivo policial Leonardo Alarc\u00f3n, fallecidos hace un a\u00f1o tras ser atropellados por un conductor con 2,65 gramos de alcohol en sangre.<\/strong><\/p>\n<p>Durante el operativo, se realizaron 110 controles de alcoholemia, en los cuales se controlaron 103 motos y 584 veh\u00edculos. Como resultado, fueron retenidas 18 motocicletas y 15 veh\u00edculos, con 21 alcoholemias positivas. De esos casos, 9 superaban el gramo de alcohol en sangre.<\/p>\n<p>La jornada <strong>fue impulsada por la Direcci\u00f3n de Gesti\u00f3n de Tr\u00e1nsito y Convivencia Ciudadana de Godoy Cruz y cont\u00f3 con el acompa\u00f1amiento, adem\u00e1s, de la Gendarmer\u00eda Nacional y de los cuerpos de tr\u00e1nsito de varios departamentos.<\/strong><\/p>\n<p>El operativo <strong>se despleg\u00f3 en rutas, accesos y calles urbanas de toda la provincia, con el objetivo de generar conciencia sobre las consecuencias de conducir bajo los efectos del alcohol.<\/strong> Adem\u00e1s de recordar a los trabajadores viales ca\u00eddos en cumplimiento del deber, la acci\u00f3n busc\u00f3 movilizar a la ciudadan\u00eda hacia un compromiso colectivo con la conducci\u00f3n responsable.<\/p>\n<p>El tr\u00e1gico hecho que dio origen a esta jornada ocurri\u00f3 sobre el Acceso Sur, entre Sarmiento y Rodr\u00edguez Pe\u00f1a, donde tanto Vel\u00e1zquez como Alarc\u00f3n se encontraban cumpliendo funciones de control cuando fueron embestidos por un conductor alcoholizado.<\/p>\n","protected":false},"excerpt":{"rendered":"<p>La jornada, que dur\u00f3 24 horas de operativos en toda la provincia, rindi\u00f3 homenaje a los agentes fallecidos y busc\u00f3 generar &#8230;<\/p>\n","protected":false},"author":7,"featured_media":147773,"comment_status":"open","ping_status":"open","sticky":false,"template":"","format":"standard","meta":{"footnotes":""},"categories":[33,56],"tags":[],"class_list":["post-147772","post","type-post","status-publish","format-standard","has-post-thumbnail","hentry","category-seguridad","category-seguridad-vial"],"_links":{"self":[{"href":"https:\/\/vinasfm.com\/noticias\/wp-json\/wp\/v2\/posts\/147772","targetHints":{"allow":["GET"]}}],"collection":[{"href":"https:\/\/vinasfm.com\/noticias\/wp-json\/wp\/v2\/posts"}],"about":[{"href":"https:\/\/vinasfm.com\/noticias\/wp-json\/wp\/v2\/types\/post"}],"author":[{"embeddable":true,"href":"https:\/\/vinasfm.com\/noticias\/wp-json\/wp\/v2\/users\/7"}],"replies":[{"embeddable":true,"href":"https:\/\/vinasfm.com\/noticias\/wp-json\/wp\/v2\/comments?post=147772"}],"version-history":[{"count":1,"href":"https:\/\/vinasfm.com\/noticias\/wp-json\/wp\/v2\/posts\/147772\/revisions"}],"predecessor-version":[{"id":147774,"href":"https:\/\/vinasfm.com\/noticias\/wp-json\/wp\/v2\/posts\/147772\/revisions\/147774"}],"wp:featuredmedia":[{"embeddable":true,"href":"https:\/\/vinasfm.com\/noticias\/wp-json\/wp\/v2\/media\/147773"}],"wp:attachment":[{"href":"https:\/\/vinasfm.com\/noticias\/wp-json\/wp\/v2\/media?parent=147772"}],"wp:term":[{"taxonomy":"category","embeddable":true,"href":"https:\/\/vinasfm.com\/noticias\/wp-json\/wp\/v2\/categories?post=147772"},{"taxonomy":"post_tag","embeddable":true,"href":"https:\/\/vinasfm.com\/noticias\/wp-json\/wp\/v2\/tags?post=147772"}],"curies":[{"name":"wp","href":"https:\/\/api.w.org\/{rel}","templated":true}]}}