{"id":147769,"date":"2025-05-05T10:45:42","date_gmt":"2025-05-05T13:45:42","guid":{"rendered":"https:\/\/vinasfm.com\/noticias\/?p=147769"},"modified":"2025-05-05T10:45:42","modified_gmt":"2025-05-05T13:45:42","slug":"ajedrez-juani-ruiz-campeon-del-gran-abierto-internacional-sanrafaelino","status":"publish","type":"post","link":"https:\/\/vinasfm.com\/noticias\/ajedrez-juani-ruiz-campeon-del-gran-abierto-internacional-sanrafaelino\/","title":{"rendered":"AJEDREZ: \u201cJUANI\u201d RU\u00cdZ, CAMPE\u00d3N DEL GRAN ABIERTO INTERNACIONAL SANRAFAELINO"},"content":{"rendered":"<h4><span style=\"color: #333399;\"><strong>El joven Maestro Nacional Alvearense se qued\u00f3 con la primera edici\u00f3n del torneo que reuni\u00f3 a fuertes jugadores de la regi\u00f3n y exponentes de Chile y Bolivia.<\/strong><\/span><\/h4>\n<p style=\"font-weight: 400;\">Entre el viernes 2 y el s\u00e1bado 3 de mayo se disput\u00f3 en la Ciudad de San Rafael, organizado por el Club de Ajedrez de San Rafael, el I Abierto Internacional de San Rafael, que reuni\u00f3 a varios fuertes exponentes de la escena ajedrec\u00edstica de la Provincia de Mendoza, San Luis, La Pampa y Corrientes, adem\u00e1s de los vecinos Pa\u00edses de Bolivia y Chile.<\/p>\n<p style=\"font-weight: 400;\">El certamen, disputado a 7 rondas, fue arbitrado por los \u00c1rbitros Alvearenses Enzo Balderrama y Roc\u00edo Barros, y fue ganado por el Campe\u00f3n Alvearense y Campe\u00f3n del Sur Provincial, Juan Ignacio Ru\u00edz, con 6 unidades, s\u00f3lo resignando un punto antes el tambi\u00e9n Alvearense, Cristian Orozco.<\/p>\n<p>En segundo lugar finaliz\u00f3 el Campe\u00f3n Provincial Blitz, Tom\u00e1s Caruso, del Club Mendoza Regatas, con el mismo puntaje que Ru\u00edz, pero peor sistema de desempate, que cay\u00f3 s\u00f3lo con el Maestro Fide Correntino, Daniel P\u00e9rez.<\/p>\n<p style=\"font-weight: 400;\">En tercer lugar, finaliz\u00f3 P\u00e9rez, que lider\u00f3 el torneo hasta la \u00faltima ronda, donde cay\u00f3 con \u201cJuani\u201d Ru\u00edz, y antes hab\u00eda empatado con el Campe\u00f3n Sanrafaelino, \u00c1lvaro Acu\u00f1a.<\/p>\n<p style=\"font-weight: 400;\">La m\u00faltiple Campeona Provincial Femenina y Absoluta, Ana Victoria Lieby, volvi\u00f3 a competir despu\u00e9s de m\u00e1s de un a\u00f1o, y se qued\u00f3 con el 2\u00ba puesto en la Categor\u00eda Femenina.<\/p>\n<p style=\"font-weight: 400;\"><b><strong>Principales Posiciones \u2013 I Abierto de San Rafael, entre 60 jugadores:<\/strong><\/b><\/p>\n<p style=\"font-weight: 400;\"><b><strong>1\u00ba\u00a0<\/strong><\/b>MN Juan Ignacio Ru\u00edz (Gral, Alvear)\u00a0<b><strong>6 Pts<\/strong><\/b><\/p>\n<p style=\"font-weight: 400;\"><b><strong>2\u00ba\u00a0<\/strong><\/b>Tom\u00e1s Caruso (Club Mendoza Regatas)<b><strong>\u00a06 Pts<\/strong><\/b><\/p>\n<p style=\"font-weight: 400;\"><b><strong>3\u00ba\u00a0<\/strong><\/b>MF Daniel P\u00e9rez (Corrientes)<b><strong>\u00a05,5 Pts\u00e7<\/strong><\/b><\/p>\n<p style=\"font-weight: 400;\"><b><strong>4\u00ba\u00a0<\/strong><\/b>\u00c1lvaro Acu\u00f1a (San Rafael)<b><strong>\u00a05,5 Pts<\/strong><\/b><\/p>\n<p style=\"font-weight: 400;\"><b><strong>5\u00ba\u00a0<\/strong><\/b>Agust\u00edn De Sautu Riesta (Mendoza)<b><strong>\u00a05,5 Pts<\/strong><\/b><\/p>\n<p style=\"font-weight: 400;\"><b><strong>6\u00ba\u00a0<\/strong><\/b>Cristian Orozco (Gral. Alvear)<b><strong>\u00a05 Pts<\/strong><\/b><\/p>\n<p style=\"font-weight: 400;\"><b><strong>7\u00ba\u00a0<\/strong><\/b>MN Javier Besso (San Luis)<b><strong>\u00a05 Pts<\/strong><\/b><\/p>\n<p style=\"font-weight: 400;\"><b><strong>8\u00ba\u00a0<\/strong><\/b>Meli\u00e1n Cabrera (San Luis)<b><strong>\u00a05 Pts<\/strong><\/b><\/p>\n<p style=\"font-weight: 400;\"><b><strong>9\u00ba\u00a0<\/strong><\/b>Agust\u00edn Ahumada (San Luis)<b><strong>\u00a05 Pts<\/strong><\/b><\/p>\n<p style=\"font-weight: 400;\"><b><strong>10\u00ba\u00a0<\/strong><\/b>MI Ismael Gim\u00e9nez (Guaymall\u00e9n)<b><strong>\u00a04,5 Pts<\/strong><\/b><\/p>\n<p style=\"font-weight: 400;\"><b><strong>11\u00ba\u00a0<\/strong><\/b>Denis Castillo (San Luis)<b><strong>\u00a04,5 Pts<\/strong><\/b><\/p>\n<p style=\"font-weight: 400;\"><b><strong>12\u00ba\u00a0<\/strong><\/b>Sebasti\u00e1n Lieby (Gral. Alvear)<b><strong>\u00a04,5 Pts<\/strong><\/b><\/p>\n<p style=\"font-weight: 400;\"><b><strong>13\u00ba\u00a0<\/strong><\/b>Antonio Pueo (San Rafael)<b><strong>\u00a04,5 Pts<\/strong><\/b><\/p>\n<p style=\"font-weight: 400;\"><b><strong>14\u00ba\u00a0<\/strong><\/b>Bautista Salom\u00f3n Ferreyra (UNC Mendoza)<b><strong>\u00a04 Pts<\/strong><\/b><\/p>\n<p style=\"font-weight: 400;\"><b><strong>15\u00ba\u00a0<\/strong><\/b>Nicol\u00e1s Guti\u00e9rrez (Chile)<b><strong>\u00a04 Pts<\/strong><\/b><\/p>\n<p style=\"font-weight: 400;\"><b><strong>16\u00ba\u00a0<\/strong><\/b>Santino Zambianchi (Maip\u00fa)<b><strong>\u00a04 Pts<\/strong><\/b><\/p>\n<p style=\"font-weight: 400;\"><b><strong>17\u00ba\u00a0<\/strong><\/b>\u00c1ngel Vega (San Rafael)\u00a0<b><strong>4 Pts<\/strong><\/b><\/p>\n<p style=\"font-weight: 400;\"><b><strong>18\u00ba\u00a0<\/strong><\/b>Jer\u00f3nimo Curi (Club Mendoza Regatas)<b><strong>\u00a04 Pts<\/strong><\/b><\/p>\n<p style=\"font-weight: 400;\"><b><strong>19\u00ba\u00a0<\/strong><\/b>Facundo Brichetto (Club Mendoza Regatas)<b><strong>\u00a04 Pts<\/strong><\/b><\/p>\n<p style=\"font-weight: 400;\"><b><strong>20\u00ba\u00a0<\/strong><\/b>Gustavo G\u00f3mez (Acib Cydam)<b><strong>\u00a04 Pts\u00a0<\/strong><\/b><\/p>\n<p style=\"font-weight: 400;\"><b><strong>\u00a0<\/strong><\/b><\/p>\n<p style=\"font-weight: 400;\">Formaron parte de la delegaci\u00f3n Alvearense de la Agrupaci\u00f3n Alvearense y la Escuela Municipal de Ajedrez, Pablo Cornejo, Ana Victoria Lieby, Mateo Salas, Juan Sebasti\u00e1n Lieby, Benjam\u00edn Ayala, Juan Ignacio Ru\u00edz, Cristian Orozco y Sebasti\u00e1n Lieby.<\/p>\n","protected":false},"excerpt":{"rendered":"<p>El joven Maestro Nacional Alvearense se qued\u00f3 con la primera edici\u00f3n del torneo que reuni\u00f3 a fuertes jugadores de la regi\u00f3n &#8230;<\/p>\n","protected":false},"author":7,"featured_media":147770,"comment_status":"open","ping_status":"open","sticky":false,"template":"","format":"standard","meta":{"footnotes":""},"categories":[1],"tags":[],"class_list":["post-147769","post","type-post","status-publish","format-standard","has-post-thumbnail","hentry","category-fmvinas"],"_links":{"self":[{"href":"https:\/\/vinasfm.com\/noticias\/wp-json\/wp\/v2\/posts\/147769","targetHints":{"allow":["GET"]}}],"collection":[{"href":"https:\/\/vinasfm.com\/noticias\/wp-json\/wp\/v2\/posts"}],"about":[{"href":"https:\/\/vinasfm.com\/noticias\/wp-json\/wp\/v2\/types\/post"}],"author":[{"embeddable":true,"href":"https:\/\/vinasfm.com\/noticias\/wp-json\/wp\/v2\/users\/7"}],"replies":[{"embeddable":true,"href":"https:\/\/vinasfm.com\/noticias\/wp-json\/wp\/v2\/comments?post=147769"}],"version-history":[{"count":1,"href":"https:\/\/vinasfm.com\/noticias\/wp-json\/wp\/v2\/posts\/147769\/revisions"}],"predecessor-version":[{"id":147771,"href":"https:\/\/vinasfm.com\/noticias\/wp-json\/wp\/v2\/posts\/147769\/revisions\/147771"}],"wp:featuredmedia":[{"embeddable":true,"href":"https:\/\/vinasfm.com\/noticias\/wp-json\/wp\/v2\/media\/147770"}],"wp:attachment":[{"href":"https:\/\/vinasfm.com\/noticias\/wp-json\/wp\/v2\/media?parent=147769"}],"wp:term":[{"taxonomy":"category","embeddable":true,"href":"https:\/\/vinasfm.com\/noticias\/wp-json\/wp\/v2\/categories?post=147769"},{"taxonomy":"post_tag","embeddable":true,"href":"https:\/\/vinasfm.com\/noticias\/wp-json\/wp\/v2\/tags?post=147769"}],"curies":[{"name":"wp","href":"https:\/\/api.w.org\/{rel}","templated":true}]}}