{"id":147763,"date":"2025-05-05T09:59:55","date_gmt":"2025-05-05T12:59:55","guid":{"rendered":"https:\/\/vinasfm.com\/noticias\/?p=147763"},"modified":"2025-05-06T09:57:47","modified_gmt":"2025-05-06T12:57:47","slug":"robaron-una-vivienda-en-monte-coman-mientras-su-dueno-estaba-de-viaje","status":"publish","type":"post","link":"https:\/\/vinasfm.com\/noticias\/robaron-una-vivienda-en-monte-coman-mientras-su-dueno-estaba-de-viaje\/","title":{"rendered":"ROBARON UNA VIVIENDA EN MONTE COM\u00c1N MIENTRAS SU DUE\u00d1O ESTABA DE VIAJE"},"content":{"rendered":"<h4 data-start=\"144\" data-end=\"310\"><strong><span style=\"color: #003300;\">El domingo por la tarde, un robo se produjo en una vivienda ubicada en la intersecci\u00f3n de las calles La Plata y Los Picunches, en el Barrio Jard\u00edn de Monte Com\u00e1n.<\/span><\/strong><\/h4>\n<p class=\"\" data-start=\"312\" data-end=\"572\">Seg\u00fan informaron fuentes policiales de la <strong data-start=\"354\" data-end=\"371\">Comisar\u00eda 64\u00aa<\/strong>, el hecho ocurri\u00f3 alrededor de las <strong data-start=\"407\" data-end=\"419\">20 horas<\/strong>, cuando el propietario del inmueble, un hombre de <strong data-start=\"470\" data-end=\"504\">42 a\u00f1os identificado como O.P.<\/strong>, regres\u00f3 a su domicilio tras un viaje a la provincia de San Luis.<\/p>\n<p class=\"\" data-start=\"574\" data-end=\"915\">Al arribar, el hombre constat\u00f3 que una de las ventanas de su casa hab\u00eda sido violentada. Del interior de la vivienda, <strong data-start=\"692\" data-end=\"713\">autores ignorados<\/strong> sustrajeron <strong data-start=\"726\" data-end=\"745\">dos televisores<\/strong> \u2014uno de <strong data-start=\"754\" data-end=\"769\">55 pulgadas<\/strong> y otro de <strong data-start=\"780\" data-end=\"795\">32 pulgadas<\/strong>\u2014, adem\u00e1s de <strong data-start=\"808\" data-end=\"823\">200 d\u00f3lares<\/strong> y una suma de <strong data-start=\"838\" data-end=\"867\">600.000 pesos en efectivo<\/strong>, que se encontraban guardados en una campera.<\/p>\n<p class=\"\" data-start=\"917\" data-end=\"1058\">El caso qued\u00f3 a disposici\u00f3n de la justicia, y el magistrado interviniente orden\u00f3 las <strong data-start=\"1002\" data-end=\"1022\">medidas de rigor<\/strong> para avanzar en la investigaci\u00f3n.<\/p>\n<p class=\"\" data-start=\"1060\" data-end=\"1164\"><strong>La polic\u00eda trabaja en la recolecci\u00f3n de pruebas que permitan identificar a los responsables del il\u00edcito.<\/strong><\/p>\n","protected":false},"excerpt":{"rendered":"<p>El domingo por la tarde, un robo se produjo en una vivienda ubicada en la intersecci\u00f3n de las calles La Plata &#8230;<\/p>\n","protected":false},"author":7,"featured_media":147764,"comment_status":"open","ping_status":"open","sticky":false,"template":"","format":"standard","meta":{"footnotes":""},"categories":[201,4],"tags":[],"class_list":["post-147763","post","type-post","status-publish","format-standard","has-post-thumbnail","hentry","category-inseguridad","category-policiales"],"_links":{"self":[{"href":"https:\/\/vinasfm.com\/noticias\/wp-json\/wp\/v2\/posts\/147763","targetHints":{"allow":["GET"]}}],"collection":[{"href":"https:\/\/vinasfm.com\/noticias\/wp-json\/wp\/v2\/posts"}],"about":[{"href":"https:\/\/vinasfm.com\/noticias\/wp-json\/wp\/v2\/types\/post"}],"author":[{"embeddable":true,"href":"https:\/\/vinasfm.com\/noticias\/wp-json\/wp\/v2\/users\/7"}],"replies":[{"embeddable":true,"href":"https:\/\/vinasfm.com\/noticias\/wp-json\/wp\/v2\/comments?post=147763"}],"version-history":[{"count":1,"href":"https:\/\/vinasfm.com\/noticias\/wp-json\/wp\/v2\/posts\/147763\/revisions"}],"predecessor-version":[{"id":147765,"href":"https:\/\/vinasfm.com\/noticias\/wp-json\/wp\/v2\/posts\/147763\/revisions\/147765"}],"wp:featuredmedia":[{"embeddable":true,"href":"https:\/\/vinasfm.com\/noticias\/wp-json\/wp\/v2\/media\/147764"}],"wp:attachment":[{"href":"https:\/\/vinasfm.com\/noticias\/wp-json\/wp\/v2\/media?parent=147763"}],"wp:term":[{"taxonomy":"category","embeddable":true,"href":"https:\/\/vinasfm.com\/noticias\/wp-json\/wp\/v2\/categories?post=147763"},{"taxonomy":"post_tag","embeddable":true,"href":"https:\/\/vinasfm.com\/noticias\/wp-json\/wp\/v2\/tags?post=147763"}],"curies":[{"name":"wp","href":"https:\/\/api.w.org\/{rel}","templated":true}]}}