{"id":147721,"date":"2025-05-03T10:50:59","date_gmt":"2025-05-03T13:50:59","guid":{"rendered":"https:\/\/vinasfm.com\/noticias\/?p=147721"},"modified":"2025-05-05T08:59:56","modified_gmt":"2025-05-05T11:59:56","slug":"marcolini-destaco-el-cierre-sin-sanciones-de-sus-ocho-anos-de-gestion-como-intendente-de-general-alvear","status":"publish","type":"post","link":"https:\/\/vinasfm.com\/noticias\/marcolini-destaco-el-cierre-sin-sanciones-de-sus-ocho-anos-de-gestion-como-intendente-de-general-alvear\/","title":{"rendered":"MARCOLINI DESTAC\u00d3 EL CIERRE SIN SANCIONES DE SUS OCHO A\u00d1OS DE GESTI\u00d3N COMO INTENDENTE DE GENERAL ALVEAR"},"content":{"rendered":"<h4 data-start=\"240\" data-end=\"645\"><strong><span style=\"color: #003300;\">El\u00a0Tribunal de Cuentas\u00a0public\u00f3 los informes de las auditor\u00edas realizadas sobre\u00a015 de los 18 municipios de la Provincia, respecto al\u00a0ejercicio 2023. De esas rendiciones de cuentas, se detectaron\u00a0irregularidades en ocho comunas\u00a0y\u00a0cuatro intendentes\u00a0se vieron sancionados particularmente.<\/span><\/strong><\/h4>\n<p class=\"\" data-start=\"240\" data-end=\"645\">En di\u00e1logo con<span style=\"color: #800080;\"> <strong>FM VI\u00d1AS<\/strong><\/span>, el senador provincial <span style=\"color: #003366;\"><strong>Walther Marcolini<\/strong><\/span> celebr\u00f3 el cierre definitivo de las cuentas de su gesti\u00f3n como intendente de General Alvear <em>(2015-2023)<\/em>, destacando que ni \u00e9l ni ninguno de los funcionarios que lo acompa\u00f1aron recibieron multas ni cargos por parte del Tribunal de Cuentas. <em><strong>\u201cEs la mejor manera de cerrar una etapa\u201d<\/strong><\/em>, expres\u00f3.<\/p>\n<p class=\"\" data-start=\"647\" data-end=\"1009\">Marcolini remarc\u00f3 que el organismo de control concluy\u00f3 los ocho ejercicios fiscales de su administraci\u00f3n sin observar irregularidades graves, algo que, seg\u00fan afirm\u00f3, no fue com\u00fan en otros municipios. <strong><em>\u201cNunca en esos ocho a\u00f1os recibimos una multa o cargo. Es un compromiso cumplido con la ciudadan\u00eda de Alvear y una demostraci\u00f3n de gesti\u00f3n transparente\u201d<\/em><\/strong>, enfatiz\u00f3.<\/p>\n<p class=\"\" data-start=\"1011\" data-end=\"1471\">El legislador hizo menci\u00f3n a casos emblem\u00e1ticos de mala administraci\u00f3n en otros departamentos, como <strong>Guaymall\u00e9n, Malarg\u00fce y La Valle<\/strong>, donde hubo desv\u00edos de fondos, contrataciones irregulares y funcionarios imputados penalmente. En contraposici\u00f3n, sostuvo que su gesti\u00f3n se caracteriz\u00f3 por el orden administrativo y el destino correcto de los recursos p\u00fablicos. <em><strong>\u201cTuvimos errores, pero nunca deshonestidad. Los fondos se usaron donde se ten\u00edan que usar\u201d<\/strong><\/em>, asegur\u00f3.<\/p>\n<p class=\"\" data-start=\"1473\" data-end=\"1880\">Durante la entrevista, tambi\u00e9n opin\u00f3 sobre el discurso del gobernador Alfredo Cornejo, <strong>destacando la necesidad de una reforma constitucional en Mendoza para extender el per\u00edodo legislativo y adecuarlo al calendario nacional<\/strong>. Adem\u00e1s, valor\u00f3 la planificaci\u00f3n del Ejecutivo en salud, educaci\u00f3n y desarrollo productivo, y se\u00f1al\u00f3 como clave el impulso de la miner\u00eda <strong><em>\u201csiempre compatible con el cuidado ambiental\u201d<\/em><\/strong>.<\/p>\n<p class=\"\" data-start=\"1882\" data-end=\"2153\">Marcolini adelant\u00f3 que una vez que el Tribunal de Cuentas emita la notificaci\u00f3n final, se har\u00e1 una rendici\u00f3n p\u00fablica de su gesti\u00f3n. Cerr\u00f3 reafirmando que en tiempos donde lo p\u00fablico <strong><em>\u201cest\u00e1 tan vapuleado, este tipo de gestiones ordenadas y honestas merecen ser destacadas\u201d.<\/em><\/strong><\/p>\n","protected":false},"excerpt":{"rendered":"<p>El\u00a0Tribunal de Cuentas\u00a0public\u00f3 los informes de las auditor\u00edas realizadas sobre\u00a015 de los 18 municipios de la Provincia, respecto al\u00a0ejercicio 2023. De &#8230;<\/p>\n","protected":false},"author":7,"featured_media":147722,"comment_status":"open","ping_status":"open","sticky":false,"template":"","format":"standard","meta":{"footnotes":""},"categories":[5,7],"tags":[],"class_list":["post-147721","post","type-post","status-publish","format-standard","has-post-thumbnail","hentry","category-actualidad","category-politica"],"_links":{"self":[{"href":"https:\/\/vinasfm.com\/noticias\/wp-json\/wp\/v2\/posts\/147721","targetHints":{"allow":["GET"]}}],"collection":[{"href":"https:\/\/vinasfm.com\/noticias\/wp-json\/wp\/v2\/posts"}],"about":[{"href":"https:\/\/vinasfm.com\/noticias\/wp-json\/wp\/v2\/types\/post"}],"author":[{"embeddable":true,"href":"https:\/\/vinasfm.com\/noticias\/wp-json\/wp\/v2\/users\/7"}],"replies":[{"embeddable":true,"href":"https:\/\/vinasfm.com\/noticias\/wp-json\/wp\/v2\/comments?post=147721"}],"version-history":[{"count":1,"href":"https:\/\/vinasfm.com\/noticias\/wp-json\/wp\/v2\/posts\/147721\/revisions"}],"predecessor-version":[{"id":147723,"href":"https:\/\/vinasfm.com\/noticias\/wp-json\/wp\/v2\/posts\/147721\/revisions\/147723"}],"wp:featuredmedia":[{"embeddable":true,"href":"https:\/\/vinasfm.com\/noticias\/wp-json\/wp\/v2\/media\/147722"}],"wp:attachment":[{"href":"https:\/\/vinasfm.com\/noticias\/wp-json\/wp\/v2\/media?parent=147721"}],"wp:term":[{"taxonomy":"category","embeddable":true,"href":"https:\/\/vinasfm.com\/noticias\/wp-json\/wp\/v2\/categories?post=147721"},{"taxonomy":"post_tag","embeddable":true,"href":"https:\/\/vinasfm.com\/noticias\/wp-json\/wp\/v2\/tags?post=147721"}],"curies":[{"name":"wp","href":"https:\/\/api.w.org\/{rel}","templated":true}]}}