{"id":147706,"date":"2025-05-02T11:47:38","date_gmt":"2025-05-02T14:47:38","guid":{"rendered":"https:\/\/vinasfm.com\/noticias\/?p=147706"},"modified":"2025-05-02T11:47:38","modified_gmt":"2025-05-02T14:47:38","slug":"malvivientes-robaron-las-baterias-de-dos-autos-en-una-cochera-de-ciudad","status":"publish","type":"post","link":"https:\/\/vinasfm.com\/noticias\/malvivientes-robaron-las-baterias-de-dos-autos-en-una-cochera-de-ciudad\/","title":{"rendered":"MALVIVIENTES ROBARON LAS BATER\u00cdAS DE DOS AUTOS EN UNA COCHERA DE CIUDAD"},"content":{"rendered":"<p><span style=\"color: #003300;\"><strong>En un hecho que llama la atenci\u00f3n por su sigilo, durante la \u00faltima madrugada se produjo el robo de bater\u00edas de al menos dos veh\u00edculos que se encontraban guardados en una cochera ubicada en la calle Italia de nuestra ciudad.<\/strong><\/span><\/p>\n<p>Seg\u00fan se logr\u00f3 conocer,<strong> hasta el momento no se han radicado denuncias policiales por este suceso<\/strong>. Sin embargo, la novedad corri\u00f3 r\u00e1pidamente entre vecinos, <strong>generando preocupaci\u00f3n por la vulnerabilidad de los veh\u00edculos estacionados en el lugar.<\/strong><\/p>\n<p><strong>Una de las hip\u00f3tesis que se manejan es que los autom\u00f3viles podr\u00edan haber quedado sin cerrar correctamente, lo que habr\u00eda facilitado el accionar de los delincuentes.<\/strong><\/p>\n<p>Si bien no hay informaci\u00f3n oficial sobre la magnitud del robo ni sobre la identidad de los autores, <strong>este incidente demuestra la necesidad de reforzar las medidas de seguridad en cocheras y domicilios particulares para prevenir este tipo de hechos.<\/strong><\/p>\n","protected":false},"excerpt":{"rendered":"<p>En un hecho que llama la atenci\u00f3n por su sigilo, durante la \u00faltima madrugada se produjo el robo de bater\u00edas de &#8230;<\/p>\n","protected":false},"author":7,"featured_media":147705,"comment_status":"open","ping_status":"open","sticky":false,"template":"","format":"standard","meta":{"footnotes":""},"categories":[1],"tags":[],"class_list":["post-147706","post","type-post","status-publish","format-standard","has-post-thumbnail","hentry","category-fmvinas"],"_links":{"self":[{"href":"https:\/\/vinasfm.com\/noticias\/wp-json\/wp\/v2\/posts\/147706","targetHints":{"allow":["GET"]}}],"collection":[{"href":"https:\/\/vinasfm.com\/noticias\/wp-json\/wp\/v2\/posts"}],"about":[{"href":"https:\/\/vinasfm.com\/noticias\/wp-json\/wp\/v2\/types\/post"}],"author":[{"embeddable":true,"href":"https:\/\/vinasfm.com\/noticias\/wp-json\/wp\/v2\/users\/7"}],"replies":[{"embeddable":true,"href":"https:\/\/vinasfm.com\/noticias\/wp-json\/wp\/v2\/comments?post=147706"}],"version-history":[{"count":2,"href":"https:\/\/vinasfm.com\/noticias\/wp-json\/wp\/v2\/posts\/147706\/revisions"}],"predecessor-version":[{"id":147708,"href":"https:\/\/vinasfm.com\/noticias\/wp-json\/wp\/v2\/posts\/147706\/revisions\/147708"}],"wp:featuredmedia":[{"embeddable":true,"href":"https:\/\/vinasfm.com\/noticias\/wp-json\/wp\/v2\/media\/147705"}],"wp:attachment":[{"href":"https:\/\/vinasfm.com\/noticias\/wp-json\/wp\/v2\/media?parent=147706"}],"wp:term":[{"taxonomy":"category","embeddable":true,"href":"https:\/\/vinasfm.com\/noticias\/wp-json\/wp\/v2\/categories?post=147706"},{"taxonomy":"post_tag","embeddable":true,"href":"https:\/\/vinasfm.com\/noticias\/wp-json\/wp\/v2\/tags?post=147706"}],"curies":[{"name":"wp","href":"https:\/\/api.w.org\/{rel}","templated":true}]}}