{"id":147689,"date":"2025-05-02T10:26:05","date_gmt":"2025-05-02T13:26:05","guid":{"rendered":"https:\/\/vinasfm.com\/noticias\/?p=147689"},"modified":"2025-05-03T10:22:29","modified_gmt":"2025-05-03T13:22:29","slug":"extenderan-el-sistema-sube-a-toda-mendoza-para-el-pago-del-boleto-de-transporte","status":"publish","type":"post","link":"https:\/\/vinasfm.com\/noticias\/extenderan-el-sistema-sube-a-toda-mendoza-para-el-pago-del-boleto-de-transporte\/","title":{"rendered":"EXTENDER\u00c1N EL SISTEMA SUBE A TODA MENDOZA PARA EL PAGO DEL BOLETO DE TRANSPORTE"},"content":{"rendered":"<h4><span style=\"color: #003300;\"><strong>Todo el territorio de la provincia tendr\u00e1 un \u00fanico m\u00e9todo de pago, tal cual anunci\u00f3 el gobernador, Alfredo Cornejo. Actualmente no funciona en algunos departamentos.<\/strong><\/span><\/h4>\n<article class=\"article-body article-body--second-paragraph\">As\u00ed lo afirm\u00f3 el gobernador,<strong>\u00a0Alfredo Cornejo,<\/strong> en el marco de la inauguraci\u00f3n del per\u00edodo de sesiones ordinarias 2025 en la Legislatura de Mendoza en el que destac\u00f3 que la provincia est\u00e1 bien parada al respecto. Sin embargo, el sistema no puede usarse actualmente en todos los departamentos.<\/p>\n<\/article>\n<article class=\"article-body article-body--third-paragraph\"><em><strong>\u201cHemos dado pasos significativos en materia de modernizaci\u00f3n en \u00e1reas de servicio esenciales para la vida de las personas, ya que contamos con el \u00fanico sistema de transporte del pa\u00eds donde el boleto se puede adquirir con medios de pagos abiertos en la totalidad del sistema urbano del Gran Mendoza\u201d<\/strong><\/em>, remarc\u00f3.<\/p>\n<p>Luego anunci\u00f3:<em><strong> \u201cLa provincia tendr\u00e1 un \u00fanico r\u00e9gimen de pago, llevando\u00a0SUBE\u00a0a todo nuestro sistema de transporte, lo que le tambi\u00e9n le permitir\u00e1 al usuario sumar los beneficios de la\u00a0aplicaci\u00f3n ya existente \u00abCu\u00e1ndo Subo\u201d.<\/strong><\/em><\/p>\n<h2>Nuevos medios de pago del\u00a0boleto de colectivo<\/h2>\n<p>En Mendoza<strong>\u00a0se han presentado dificultades con el sistema SUBE<\/strong>\u00a0con situaciones como falta de pl\u00e1sticos, escasez de validadoras, cobro por la carga o que el saldo negativo no cubriera ni dos pasajes. Eso ha generado cuestionamientos por parte del gobierno al sistema nacional y lo llev\u00f3 a avanzar en una estrategia que eliminara su monopolio. Desde la tercera semana de febrero,\u00a0<strong>el\u00a0pasaje de las l\u00edneas de colectivos del Gran Mendoza\u00a0se puede pagar, adem\u00e1s de con la SUBE, con tarjetas de d\u00e9bito y cr\u00e9dito y tambi\u00e9n con tecnolog\u00eda NFC y c\u00f3digo QR de apps como MODO y Mercado Pago<\/strong>. Vale recordar que este sistema de pago con d\u00e9bito, cr\u00e9dito y QR ya se hab\u00eda implementado en el Metrotranv\u00eda en noviembre de 2024. Hay que tener en cuenta que al hacer uso de esta forma de pago alternativo, no son v\u00e1lidos los descuentos y tarifas especiales de la\u00a0tarjeta SUBE, por lo que se abona la tarifa normal.<\/p>\n<\/article>\n","protected":false},"excerpt":{"rendered":"<p>Todo el territorio de la provincia tendr\u00e1 un \u00fanico m\u00e9todo de pago, tal cual anunci\u00f3 el gobernador, Alfredo Cornejo. Actualmente no &#8230;<\/p>\n","protected":false},"author":7,"featured_media":147690,"comment_status":"open","ping_status":"open","sticky":false,"template":"","format":"standard","meta":{"footnotes":""},"categories":[10,77],"tags":[],"class_list":["post-147689","post","type-post","status-publish","format-standard","has-post-thumbnail","hentry","category-destacadas","category-gobierno"],"_links":{"self":[{"href":"https:\/\/vinasfm.com\/noticias\/wp-json\/wp\/v2\/posts\/147689","targetHints":{"allow":["GET"]}}],"collection":[{"href":"https:\/\/vinasfm.com\/noticias\/wp-json\/wp\/v2\/posts"}],"about":[{"href":"https:\/\/vinasfm.com\/noticias\/wp-json\/wp\/v2\/types\/post"}],"author":[{"embeddable":true,"href":"https:\/\/vinasfm.com\/noticias\/wp-json\/wp\/v2\/users\/7"}],"replies":[{"embeddable":true,"href":"https:\/\/vinasfm.com\/noticias\/wp-json\/wp\/v2\/comments?post=147689"}],"version-history":[{"count":3,"href":"https:\/\/vinasfm.com\/noticias\/wp-json\/wp\/v2\/posts\/147689\/revisions"}],"predecessor-version":[{"id":147693,"href":"https:\/\/vinasfm.com\/noticias\/wp-json\/wp\/v2\/posts\/147689\/revisions\/147693"}],"wp:featuredmedia":[{"embeddable":true,"href":"https:\/\/vinasfm.com\/noticias\/wp-json\/wp\/v2\/media\/147690"}],"wp:attachment":[{"href":"https:\/\/vinasfm.com\/noticias\/wp-json\/wp\/v2\/media?parent=147689"}],"wp:term":[{"taxonomy":"category","embeddable":true,"href":"https:\/\/vinasfm.com\/noticias\/wp-json\/wp\/v2\/categories?post=147689"},{"taxonomy":"post_tag","embeddable":true,"href":"https:\/\/vinasfm.com\/noticias\/wp-json\/wp\/v2\/tags?post=147689"}],"curies":[{"name":"wp","href":"https:\/\/api.w.org\/{rel}","templated":true}]}}