{"id":147679,"date":"2025-05-02T10:13:08","date_gmt":"2025-05-02T13:13:08","guid":{"rendered":"https:\/\/vinasfm.com\/noticias\/?p=147679"},"modified":"2025-05-03T10:24:03","modified_gmt":"2025-05-03T13:24:03","slug":"global-solutions-inauguro-nuevas-oficinas-en-general-alvear-y-ya-genero-70-empleos-para-jovenes-del-departamento","status":"publish","type":"post","link":"https:\/\/vinasfm.com\/noticias\/global-solutions-inauguro-nuevas-oficinas-en-general-alvear-y-ya-genero-70-empleos-para-jovenes-del-departamento\/","title":{"rendered":"GLOBAL SOLUTIONS INAUGUR\u00d3 NUEVAS OFICINAS EN GENERAL ALVEAR Y YA GENER\u00d3 70 EMPLEOS PARA J\u00d3VENES DEL DEPARTAMENTO"},"content":{"rendered":"<p class=\"\" data-start=\"212\" data-end=\"624\"><strong>La vicegobernadora de Mendoza, Hebe Casado, junto al coordinador de Zona Sur del Ministerio de Producci\u00f3n, Andr\u00e9s Vavrik, encabezaron este jueves la inauguraci\u00f3n oficial de las nuevas oficinas de la empresa Global Solutions en General Alvear. El moderno espacio, ubicado en Chapeaurouge 163, marca un nuevo hito en la expansi\u00f3n de la compa\u00f1\u00eda en el sur provincial.<\/strong><\/p>\n<p class=\"\" data-start=\"626\" data-end=\"865\">La iniciativa ya <strong>permiti\u00f3 la generaci\u00f3n de 70 puestos de trabajo para j\u00f3venes alvearenses, y se proyecta la incorporaci\u00f3n de al menos 30 nuevos empleados en los pr\u00f3ximos meses<\/strong>, seg\u00fan anticiparon desde la empresa y autoridades provinciales.<\/p>\n<p class=\"\" data-start=\"867\" data-end=\"1329\">Previo el acto de inauguraci\u00f3n, el<em> Coordinador de Gabinete<\/em>,<span style=\"color: #003366;\"><strong> Juan Tieppo<\/strong><\/span>, destac\u00f3 la importancia del proyecto como parte de una estrategia integral de impulso al empleo joven.<em><strong> \u201cCreemos que es realmente muy importante. Es algo que venimos trabajando desde el inicio de la gesti\u00f3n: la nueva generaci\u00f3n de fuentes de empleo. El v\u00ednculo con la empresa Global Solutions ha sido muy productivo y ha generado muchas oportunidades para j\u00f3venes del departamento\u201d<\/strong><\/em>, se\u00f1al\u00f3.<\/p>\n<p data-start=\"867\" data-end=\"1329\"><img decoding=\"async\" class=\"alignright\" src=\"https:\/\/scontent.fmdz5-1.fna.fbcdn.net\/v\/t39.30808-6\/494690768_1003601575247366_2540871983492166251_n.jpg?_nc_cat=106&amp;ccb=1-7&amp;_nc_sid=833d8c&amp;_nc_eui2=AeF5c0NrAqzSy9lgvl2Hxc6NBtH94KArWZYG0f3goCtZliAURvE4RW96bqhDdFEUqZxKSNOLFFH9Sl88VOd6fdX6&amp;_nc_ohc=CUqe4PlsEAUQ7kNvwFQN4sc&amp;_nc_oc=AdmF8otLR9vlybygu2xH87rtnP0V-I6sn5hCd7diERa_SlosyKn7UDXg1Y6iQv9WSzo&amp;_nc_zt=23&amp;_nc_ht=scontent.fmdz5-1.fna&amp;_nc_gid=RHomLzWgIjTG3Q62q_XPYQ&amp;oh=00_AfGkqCoykislJREebFKrpmjaBtptT0zcoOnCDj43LO8oGw&amp;oe=681A9803\" alt=\"Puede ser una imagen de 4 personas y texto\" \/><\/p>\n<p class=\"\" data-start=\"1331\" data-end=\"1752\">Tieppo tambi\u00e9n subray\u00f3 la proyecci\u00f3n de crecimiento de la firma: <em><strong>\u201cHoy cambian de espacio f\u00edsico, apuestan a algo m\u00e1s grande y proyectan seguir ampli\u00e1ndose. Ya son 50 las personas que integraban el equipo inicial, se suman 20 m\u00e1s en esta etapa y esperamos llegar a unas 100 incorporaciones hacia fin de a\u00f1o, seg\u00fan lo que venimos dialogando con los gerentes generales de Global y los responsables regionales de la empresa\u201d.<\/strong><\/em><\/p>\n<p class=\"\" data-start=\"1754\" data-end=\"2000\">La llegada y expansi\u00f3n de Global Solutions en General Alvear representa una apuesta concreta por el desarrollo econ\u00f3mico y social del sur mendocino, consolidando oportunidades laborales para el talento joven y promoviendo el arraigo en la regi\u00f3n.<\/p>\n","protected":false},"excerpt":{"rendered":"<p>La vicegobernadora de Mendoza, Hebe Casado, junto al coordinador de Zona Sur del Ministerio de Producci\u00f3n, Andr\u00e9s Vavrik, encabezaron este jueves &#8230;<\/p>\n","protected":false},"author":7,"featured_media":147684,"comment_status":"open","ping_status":"open","sticky":false,"template":"","format":"standard","meta":{"footnotes":""},"categories":[5,10],"tags":[],"class_list":["post-147679","post","type-post","status-publish","format-standard","has-post-thumbnail","hentry","category-actualidad","category-destacadas"],"_links":{"self":[{"href":"https:\/\/vinasfm.com\/noticias\/wp-json\/wp\/v2\/posts\/147679","targetHints":{"allow":["GET"]}}],"collection":[{"href":"https:\/\/vinasfm.com\/noticias\/wp-json\/wp\/v2\/posts"}],"about":[{"href":"https:\/\/vinasfm.com\/noticias\/wp-json\/wp\/v2\/types\/post"}],"author":[{"embeddable":true,"href":"https:\/\/vinasfm.com\/noticias\/wp-json\/wp\/v2\/users\/7"}],"replies":[{"embeddable":true,"href":"https:\/\/vinasfm.com\/noticias\/wp-json\/wp\/v2\/comments?post=147679"}],"version-history":[{"count":5,"href":"https:\/\/vinasfm.com\/noticias\/wp-json\/wp\/v2\/posts\/147679\/revisions"}],"predecessor-version":[{"id":147685,"href":"https:\/\/vinasfm.com\/noticias\/wp-json\/wp\/v2\/posts\/147679\/revisions\/147685"}],"wp:featuredmedia":[{"embeddable":true,"href":"https:\/\/vinasfm.com\/noticias\/wp-json\/wp\/v2\/media\/147684"}],"wp:attachment":[{"href":"https:\/\/vinasfm.com\/noticias\/wp-json\/wp\/v2\/media?parent=147679"}],"wp:term":[{"taxonomy":"category","embeddable":true,"href":"https:\/\/vinasfm.com\/noticias\/wp-json\/wp\/v2\/categories?post=147679"},{"taxonomy":"post_tag","embeddable":true,"href":"https:\/\/vinasfm.com\/noticias\/wp-json\/wp\/v2\/tags?post=147679"}],"curies":[{"name":"wp","href":"https:\/\/api.w.org\/{rel}","templated":true}]}}