{"id":147667,"date":"2025-05-02T08:34:42","date_gmt":"2025-05-02T11:34:42","guid":{"rendered":"https:\/\/vinasfm.com\/noticias\/?p=147667"},"modified":"2025-05-02T10:31:02","modified_gmt":"2025-05-02T13:31:02","slug":"educacion-el-gobierno-de-mendoza-presentara-nuevas-propuestas-legislativas","status":"publish","type":"post","link":"https:\/\/vinasfm.com\/noticias\/educacion-el-gobierno-de-mendoza-presentara-nuevas-propuestas-legislativas\/","title":{"rendered":"EDUCACI\u00d3N: EL GOBIERNO DE MENDOZA PRESENTAR\u00c1 NUEVAS PROPUESTAS LEGISLATIVAS"},"content":{"rendered":"<h4><span style=\"color: #003300;\"><strong>Los proyectos apuntan a incorporar matem\u00e1tica al Plan Provincial de Alfabetizaci\u00f3n y a modernizar los procesos administrativos del sistema educativo.<\/strong><\/span><\/h4>\n<p>Con el objetivo de fortalecer la calidad educativa y adaptar el sistema a los desaf\u00edos actuales, el <strong>Ministerio de Educaci\u00f3n, Cultura, Infancias y DGE<\/strong> presentar\u00e1 en las pr\u00f3ximas semanas nuevos proyectos legislativos. <strong>Las iniciativas buscan actualizar normativas clave, mejorar la implementaci\u00f3n del Plan Provincial de Alfabetizaci\u00f3n y avanzar en la modernizaci\u00f3n administrativa del sistema.<\/strong><\/p>\n<p>El anuncio fue realizado por el gobernador Alfredo Cornejo durante su discurso ante la Legislatura este 1\u00ba de mayo. <strong><em>\u201cMendoza puso en marcha un nuevo plan de ordenamiento para la gesti\u00f3n educativa, que fortalece la estabilidad docente, la especializaci\u00f3n profesional y la permanencia en las instituciones\u201d<\/em><\/strong>, se\u00f1al\u00f3 el mandatario. Y agreg\u00f3: <strong><em>\u201cEnviaremos una serie de modificaciones parciales a la Ley de Educaci\u00f3n, con el objetivo de profundizar el Plan Provincial de Alfabetizaci\u00f3n, ajustando lo realizado en lengua e incorporando la matem\u00e1tica\u201d.<\/em><\/strong><\/p>\n<p><strong>La propuesta incluye tambi\u00e9n reformas administrativas orientadas a agilizar y modernizar la gesti\u00f3n educativa<\/strong>. Seg\u00fan explic\u00f3 el Gobernador, estas modificaciones permitir\u00e1n reducir la burocracia, redefinir roles y funciones dentro del sistema y adecuar la estructura institucional a las demandas de una educaci\u00f3n en proceso de transformaci\u00f3n.<\/p>\n<p>Uno de los puntos destacados es la <strong>ampliaci\u00f3n del plan estrat\u00e9gico de alfabetizaci\u00f3n, que pasar\u00e1 a incluir de forma obligatoria la ense\u00f1anza de matem\u00e1tica junto con nuevos indicadores que permitan reforzar la calidad del aprendizaje en las escuelas.<\/strong><\/p>\n<p>Estas iniciativas se suman a las leyes ya aprobadas por unanimidad a comienzos de este a\u00f1o, que introdujeron cambios en el r\u00e9gimen de funciones docentes, <strong>la implementaci\u00f3n del Incentivo Dedicaci\u00f3n Docente y el desarrollo del Sistema de Gesti\u00f3n Educativa Integral (GEI).<\/strong><\/p>\n","protected":false},"excerpt":{"rendered":"<p>Los proyectos apuntan a incorporar matem\u00e1tica al Plan Provincial de Alfabetizaci\u00f3n y a modernizar los procesos administrativos del sistema educativo. Con &#8230;<\/p>\n","protected":false},"author":7,"featured_media":147668,"comment_status":"open","ping_status":"open","sticky":false,"template":"","format":"standard","meta":{"footnotes":""},"categories":[18,77],"tags":[],"class_list":["post-147667","post","type-post","status-publish","format-standard","has-post-thumbnail","hentry","category-educacion","category-gobierno"],"_links":{"self":[{"href":"https:\/\/vinasfm.com\/noticias\/wp-json\/wp\/v2\/posts\/147667","targetHints":{"allow":["GET"]}}],"collection":[{"href":"https:\/\/vinasfm.com\/noticias\/wp-json\/wp\/v2\/posts"}],"about":[{"href":"https:\/\/vinasfm.com\/noticias\/wp-json\/wp\/v2\/types\/post"}],"author":[{"embeddable":true,"href":"https:\/\/vinasfm.com\/noticias\/wp-json\/wp\/v2\/users\/7"}],"replies":[{"embeddable":true,"href":"https:\/\/vinasfm.com\/noticias\/wp-json\/wp\/v2\/comments?post=147667"}],"version-history":[{"count":1,"href":"https:\/\/vinasfm.com\/noticias\/wp-json\/wp\/v2\/posts\/147667\/revisions"}],"predecessor-version":[{"id":147669,"href":"https:\/\/vinasfm.com\/noticias\/wp-json\/wp\/v2\/posts\/147667\/revisions\/147669"}],"wp:featuredmedia":[{"embeddable":true,"href":"https:\/\/vinasfm.com\/noticias\/wp-json\/wp\/v2\/media\/147668"}],"wp:attachment":[{"href":"https:\/\/vinasfm.com\/noticias\/wp-json\/wp\/v2\/media?parent=147667"}],"wp:term":[{"taxonomy":"category","embeddable":true,"href":"https:\/\/vinasfm.com\/noticias\/wp-json\/wp\/v2\/categories?post=147667"},{"taxonomy":"post_tag","embeddable":true,"href":"https:\/\/vinasfm.com\/noticias\/wp-json\/wp\/v2\/tags?post=147667"}],"curies":[{"name":"wp","href":"https:\/\/api.w.org\/{rel}","templated":true}]}}