{"id":147640,"date":"2025-05-01T11:54:48","date_gmt":"2025-05-01T14:54:48","guid":{"rendered":"https:\/\/vinasfm.com\/noticias\/?p=147640"},"modified":"2025-05-02T09:24:39","modified_gmt":"2025-05-02T12:24:39","slug":"una-mujer-de-64-anos-sufrio-el-robo-de-su-bicicleta-en-la-noche-del-jueves","status":"publish","type":"post","link":"https:\/\/vinasfm.com\/noticias\/una-mujer-de-64-anos-sufrio-el-robo-de-su-bicicleta-en-la-noche-del-jueves\/","title":{"rendered":"UNA MUJER DE 64 A\u00d1OS SUFRI\u00d3 EL ROBO DE SU BICICLETA EN LA NOCHE DEL JUEVES"},"content":{"rendered":"<h4><span style=\"color: #333399;\"><strong>Mar\u00eda Cristina P\u00e9rez, una trabajadora del hospital de 64 a\u00f1os de edad, denunci\u00f3 el robo de su bicicleta en el patio de su casa en calle Roque S\u00e1enz Pe\u00f1a 585. La bicicleta de marca Museta color beige con asiento blanco y negro tiene un guardabarro flojo en la parte trasera y es su medio de movilidad para trabajar.<\/strong><\/span><\/h4>\n<p>Los due\u00f1os de la propiedad tienen c\u00e1maras de seguridad, pero no han proporcionado las im\u00e1genes a Mar\u00eda Cristina, ella fue a la comisar\u00eda a hacer la denuncia correspondiente, pero no atendieron a su llamado.<\/p>\n<p>Entre lagr\u00edmas Maria Cristina pide que la persona que rob\u00f3 la bicicleta la devuelva, ya que ella siempre est\u00e1 dispuesta a ayudar a los dem\u00e1s y no entiende por qu\u00e9 alguien le har\u00eda da\u00f1o de esta manera.<\/p>\n<p>Tambi\u00e9n solicita la colaboraci\u00f3n de la comunidad para encontrar su bicicleta y pide que se contacten con ella 2625-630116.<\/p>\n<p>&nbsp;<\/p>\n","protected":false},"excerpt":{"rendered":"<p>Mar\u00eda Cristina P\u00e9rez, una trabajadora del hospital de 64 a\u00f1os de edad, denunci\u00f3 el robo de su bicicleta en el patio &#8230;<\/p>\n","protected":false},"author":7,"featured_media":147643,"comment_status":"open","ping_status":"open","sticky":false,"template":"","format":"standard","meta":{"footnotes":""},"categories":[201,4],"tags":[],"class_list":["post-147640","post","type-post","status-publish","format-standard","has-post-thumbnail","hentry","category-inseguridad","category-policiales"],"_links":{"self":[{"href":"https:\/\/vinasfm.com\/noticias\/wp-json\/wp\/v2\/posts\/147640","targetHints":{"allow":["GET"]}}],"collection":[{"href":"https:\/\/vinasfm.com\/noticias\/wp-json\/wp\/v2\/posts"}],"about":[{"href":"https:\/\/vinasfm.com\/noticias\/wp-json\/wp\/v2\/types\/post"}],"author":[{"embeddable":true,"href":"https:\/\/vinasfm.com\/noticias\/wp-json\/wp\/v2\/users\/7"}],"replies":[{"embeddable":true,"href":"https:\/\/vinasfm.com\/noticias\/wp-json\/wp\/v2\/comments?post=147640"}],"version-history":[{"count":5,"href":"https:\/\/vinasfm.com\/noticias\/wp-json\/wp\/v2\/posts\/147640\/revisions"}],"predecessor-version":[{"id":147651,"href":"https:\/\/vinasfm.com\/noticias\/wp-json\/wp\/v2\/posts\/147640\/revisions\/147651"}],"wp:featuredmedia":[{"embeddable":true,"href":"https:\/\/vinasfm.com\/noticias\/wp-json\/wp\/v2\/media\/147643"}],"wp:attachment":[{"href":"https:\/\/vinasfm.com\/noticias\/wp-json\/wp\/v2\/media?parent=147640"}],"wp:term":[{"taxonomy":"category","embeddable":true,"href":"https:\/\/vinasfm.com\/noticias\/wp-json\/wp\/v2\/categories?post=147640"},{"taxonomy":"post_tag","embeddable":true,"href":"https:\/\/vinasfm.com\/noticias\/wp-json\/wp\/v2\/tags?post=147640"}],"curies":[{"name":"wp","href":"https:\/\/api.w.org\/{rel}","templated":true}]}}