{"id":147597,"date":"2025-04-30T11:29:59","date_gmt":"2025-04-30T14:29:59","guid":{"rendered":"https:\/\/vinasfm.com\/noticias\/?p=147597"},"modified":"2025-05-01T10:19:20","modified_gmt":"2025-05-01T13:19:20","slug":"el-gobierno-nacional-dispuso-un-aumento-del-25-en-la-tarifa-del-gas-a-partir-de-mayo","status":"publish","type":"post","link":"https:\/\/vinasfm.com\/noticias\/el-gobierno-nacional-dispuso-un-aumento-del-25-en-la-tarifa-del-gas-a-partir-de-mayo\/","title":{"rendered":"EL GOBIERNO NACIONAL DISPUSO UN AUMENTO DEL 2,5% EN LA TARIFA DEL GAS A PARTIR DE MAYO"},"content":{"rendered":"<h4><span style=\"color: #003300;\"><strong>Adem\u00e1s del gas, tambi\u00e9n se autoriz\u00f3 un incremento en la tarifa de la luz. Y por ahora se fren\u00f3 la suba de las naftas. Ayer se confirm\u00f3 que bajaba el precio el 4%.<\/strong><\/span><\/h4>\n<article class=\"article-body first\">\n<div class=\"article-content\">\n<div class=\"cuerpo\" data-twitter-link=\"\">\n<p>El gobierno nacional comunic\u00f3 este mi\u00e9rcoles que a partir del 1 de mayo <strong>aumentar\u00e1n<\/strong>\u00a0las<strong>\u00a0tarifas\u00a0<\/strong>de\u00a0<strong>gas\u00a0<\/strong>y de luz el\u00a0<strong>2,5%.<\/strong>\u00a0Adem\u00e1s, anunciaron que los ajustes ser\u00e1n mensuales a partir de ahora. Mientras se confirman los aumentos, para el caso de los combustibles bajar\u00e1n el 4% desde este jueves. En Mendoza, el\u00a0<strong>12 del mes\u00a0<\/strong>que inicia empezar\u00e1 a regir la suba del\u00a0<strong>transporte p\u00fablico<\/strong>.<\/p>\n<\/div>\n<\/div>\n<\/article>\n<article class=\"article-body\">\n<div class=\"article-content\">\n<div class=\"cuerpo\" data-twitter-link=\"\">\n<p>En el caso de los servicios p\u00fablicos de electricidad y gas natural, la\u00a0<strong>Secretar\u00eda de Energ\u00eda\u00a0<\/strong>concluy\u00f3 la<strong>\u00a0Revisi\u00f3n Quinquenal de Tarifas<\/strong>\u00a0(RQT) con las empresas de transporte y distribuci\u00f3n. De este proceso surgir\u00e1n los niveles tarifarios para los pr\u00f3ximos cinco a\u00f1os, as\u00ed como los compromisos de inversi\u00f3n de las compa\u00f1\u00edas para ese mismo per\u00edodo.<\/p>\n<p>La modalidad, que inicia bajo la gesti\u00f3n de Luis Caputo en el Ministerio de Econom\u00eda, implica que las\u00a0<strong>subas<\/strong>\u00a0ser\u00e1n\u00a0<strong>cuotificadas<\/strong>. Mes a mes se ir\u00e1n dando los aumentos para compensar la inflaci\u00f3n y tambi\u00e9n frente a la p\u00e9rdida de los subsidios en algunas categor\u00edas de consumidores de luz y gas.<\/p>\n<\/div>\n<\/div>\n<\/article>\n<p><img decoding=\"async\" src=\"https:\/\/media.diariouno.com.ar\/p\/326dde883801cd687c7738aa3b556cae\/adjuntos\/298\/imagenes\/009\/530\/0009530733\/1200x0\/smart\/luis-caputo-cepo-cambiario-1jpg.jpg\" alt=\"Luis Caputo, ministro de Econom\u00eda.\" \/><\/p>\n<p>Adem\u00e1s, el Gobierno resolvi\u00f3 volver a postergar en mayo la actualizaci\u00f3n de los\u00a0<strong>impuestos a los combustibles l\u00edquidos (ICL) y al di\u00f3xido de carbono (IDC)<\/strong>, que, seg\u00fan estimaciones de la consultora Econom\u00eda y Energ\u00eda, implica un costo fiscal mensual superior a los USD 200 millones.<\/p>\n<p>\u201cLa decisi\u00f3n se tom\u00f3 en l\u00ednea con la baja del 4% en el precio de las naftas anunciada por YPF\u201d, explicaron desde la Secretar\u00eda de Energ\u00eda que encabeza\u00a0<strong>Mar\u00eda Tettamanti<\/strong>.<\/p>\n<p>&nbsp;<\/p>\n","protected":false},"excerpt":{"rendered":"<p>Adem\u00e1s del gas, tambi\u00e9n se autoriz\u00f3 un incremento en la tarifa de la luz. Y por ahora se fren\u00f3 la suba &#8230;<\/p>\n","protected":false},"author":7,"featured_media":147599,"comment_status":"open","ping_status":"open","sticky":false,"template":"","format":"standard","meta":{"footnotes":""},"categories":[5,169],"tags":[],"class_list":["post-147597","post","type-post","status-publish","format-standard","has-post-thumbnail","hentry","category-actualidad","category-aumentos"],"_links":{"self":[{"href":"https:\/\/vinasfm.com\/noticias\/wp-json\/wp\/v2\/posts\/147597","targetHints":{"allow":["GET"]}}],"collection":[{"href":"https:\/\/vinasfm.com\/noticias\/wp-json\/wp\/v2\/posts"}],"about":[{"href":"https:\/\/vinasfm.com\/noticias\/wp-json\/wp\/v2\/types\/post"}],"author":[{"embeddable":true,"href":"https:\/\/vinasfm.com\/noticias\/wp-json\/wp\/v2\/users\/7"}],"replies":[{"embeddable":true,"href":"https:\/\/vinasfm.com\/noticias\/wp-json\/wp\/v2\/comments?post=147597"}],"version-history":[{"count":1,"href":"https:\/\/vinasfm.com\/noticias\/wp-json\/wp\/v2\/posts\/147597\/revisions"}],"predecessor-version":[{"id":147600,"href":"https:\/\/vinasfm.com\/noticias\/wp-json\/wp\/v2\/posts\/147597\/revisions\/147600"}],"wp:featuredmedia":[{"embeddable":true,"href":"https:\/\/vinasfm.com\/noticias\/wp-json\/wp\/v2\/media\/147599"}],"wp:attachment":[{"href":"https:\/\/vinasfm.com\/noticias\/wp-json\/wp\/v2\/media?parent=147597"}],"wp:term":[{"taxonomy":"category","embeddable":true,"href":"https:\/\/vinasfm.com\/noticias\/wp-json\/wp\/v2\/categories?post=147597"},{"taxonomy":"post_tag","embeddable":true,"href":"https:\/\/vinasfm.com\/noticias\/wp-json\/wp\/v2\/tags?post=147597"}],"curies":[{"name":"wp","href":"https:\/\/api.w.org\/{rel}","templated":true}]}}