{"id":147559,"date":"2025-04-29T14:01:39","date_gmt":"2025-04-29T17:01:39","guid":{"rendered":"https:\/\/vinasfm.com\/noticias\/?p=147559"},"modified":"2025-04-30T08:14:42","modified_gmt":"2025-04-30T11:14:42","slug":"delincuentes-robaron-en-el-juzgado-de-paz-de-bowen","status":"publish","type":"post","link":"https:\/\/vinasfm.com\/noticias\/delincuentes-robaron-en-el-juzgado-de-paz-de-bowen\/","title":{"rendered":"ALARMA EN BOWEN: DELINCUENTES INGRESARON AL JUZGADO DE PAZ Y ROBARON DISTINTOS ELEMENTOS"},"content":{"rendered":"<h4><strong><span style=\"color: #003300;\">Un hecho delictivo gener\u00f3 preocupaci\u00f3n en la comunidad de Bowen luego de que se confirmara el robo en el Juzgado de Paz.<\/span><\/strong><\/h4>\n<p>Durante la madrugada del martes 29 de abril, delincuentes ingresaron al edificio tras violentar una ventana, accediendo al dep\u00f3sito donde se guardan los elementos secuestrados en el marco de diversas causas judiciales.<\/p>\n<p>Seg\u00fan la informaci\u00f3n proporcionada por fuentes policiales, <strong>los malvivientes sustrajeron del dep\u00f3sito armas blancas, bebidas y otros objetos que forman parte de las pruebas y evidencias de los expedientes judiciales.<\/strong><\/p>\n<p>La denuncia fue radicada por una empleada del Juzgado, quien constat\u00f3 que los delincuentes ingresaron inicialmente por la parte trasera del edificio para luego acceder al interior a trav\u00e9s de la ventana de un ba\u00f1o. <strong>Entre los elementos robados, se destaca la sustracci\u00f3n de dos armas de fuego, lo que elev\u00f3 la alarma entre las autoridades.<\/strong><\/p>\n<p>Desde el momento en que se tom\u00f3 conocimiento del hecho, personal de la Seccional 46\u00b0 de Bowen <strong>trabaj\u00f3 intensamente en la investigaci\u00f3n, con la colaboraci\u00f3n de la divisi\u00f3n Canes y Cuerpos Especiales de la polic\u00eda.<\/strong> Las primeras pesquisas permitieron obtener algunas pistas, y gracias al trabajo de los canes, <strong>se identific\u00f3 un domicilio en la zona que podr\u00eda estar vinculado al robo.<\/strong><\/p>\n<p>En un avance significativo en la investigaci\u00f3n, promediando las 21:00 horas, la Jefatura Departamental inform\u00f3 que, durante la tarde del martes,<strong> personal de la Comisar\u00eda 46\u00aa logr\u00f3 la aprehensi\u00f3n de un sujeto sindicado como el posible autor del robo.<\/strong> Adem\u00e1s, <strong>se confirm\u00f3 la recuperaci\u00f3n de parte de los elementos sustra\u00eddos, aunque no se especific\u00f3 la cantidad ni el tipo de objetos recuperados.<\/strong><\/p>\n<p><strong>Las investigaciones contin\u00faan en curso para esclarecer por completo el hecho, determinar la identidad de otros posibles involucrados y recuperar la totalidad de los elementos robados.<\/strong><\/p>\n","protected":false},"excerpt":{"rendered":"<p>Un hecho delictivo gener\u00f3 preocupaci\u00f3n en la comunidad de Bowen luego de que se confirmara el robo en el Juzgado de &#8230;<\/p>\n","protected":false},"author":7,"featured_media":147560,"comment_status":"open","ping_status":"open","sticky":false,"template":"","format":"standard","meta":{"footnotes":""},"categories":[1],"tags":[],"class_list":["post-147559","post","type-post","status-publish","format-standard","has-post-thumbnail","hentry","category-fmvinas"],"_links":{"self":[{"href":"https:\/\/vinasfm.com\/noticias\/wp-json\/wp\/v2\/posts\/147559","targetHints":{"allow":["GET"]}}],"collection":[{"href":"https:\/\/vinasfm.com\/noticias\/wp-json\/wp\/v2\/posts"}],"about":[{"href":"https:\/\/vinasfm.com\/noticias\/wp-json\/wp\/v2\/types\/post"}],"author":[{"embeddable":true,"href":"https:\/\/vinasfm.com\/noticias\/wp-json\/wp\/v2\/users\/7"}],"replies":[{"embeddable":true,"href":"https:\/\/vinasfm.com\/noticias\/wp-json\/wp\/v2\/comments?post=147559"}],"version-history":[{"count":4,"href":"https:\/\/vinasfm.com\/noticias\/wp-json\/wp\/v2\/posts\/147559\/revisions"}],"predecessor-version":[{"id":147573,"href":"https:\/\/vinasfm.com\/noticias\/wp-json\/wp\/v2\/posts\/147559\/revisions\/147573"}],"wp:featuredmedia":[{"embeddable":true,"href":"https:\/\/vinasfm.com\/noticias\/wp-json\/wp\/v2\/media\/147560"}],"wp:attachment":[{"href":"https:\/\/vinasfm.com\/noticias\/wp-json\/wp\/v2\/media?parent=147559"}],"wp:term":[{"taxonomy":"category","embeddable":true,"href":"https:\/\/vinasfm.com\/noticias\/wp-json\/wp\/v2\/categories?post=147559"},{"taxonomy":"post_tag","embeddable":true,"href":"https:\/\/vinasfm.com\/noticias\/wp-json\/wp\/v2\/tags?post=147559"}],"curies":[{"name":"wp","href":"https:\/\/api.w.org\/{rel}","templated":true}]}}