{"id":147519,"date":"2025-04-29T08:48:51","date_gmt":"2025-04-29T11:48:51","guid":{"rendered":"https:\/\/vinasfm.com\/noticias\/?p=147519"},"modified":"2025-04-29T11:50:47","modified_gmt":"2025-04-29T14:50:47","slug":"por-que-mendoza-inaugura-su-ano-legislativo-el-1-de-mayo","status":"publish","type":"post","link":"https:\/\/vinasfm.com\/noticias\/por-que-mendoza-inaugura-su-ano-legislativo-el-1-de-mayo\/","title":{"rendered":"POR QU\u00c9 MENDOZA INAUGURA SU A\u00d1O LEGISLATIVO EL 1\u00b0 DE MAYO"},"content":{"rendered":"<h4 class=\"newspack-post-subtitle\"><strong><span style=\"color: #003300;\">Mientras en la mayor\u00eda de las provincias el calendario parlamentario arranca en marzo, en Mendoza hay que esperar hasta el D\u00eda del Trabajador. La herencia de Alberdi y el ciclo de las cosechas ofrecen las claves de esta singularidad.<\/span><\/strong><\/h4>\n<div class=\"entry-subhead\">\n<div class=\"entry-meta\">\n<p>Cuando en pr\u00e1cticamente todo el pa\u00eds las sesiones ordinarias ya llevan semanas abiertas, en\u00a0<strong>Mendoza\u00a0<\/strong>la pol\u00edtica se toma su tiempo. <strong>Hay que esperar hasta el D\u00eda del Trabajador para ver a los legisladores y al gobernador juntos en el recinto con motivo del puntapi\u00e9 inicial del a\u00f1o parlamentario.<\/strong> No es una casualidad ni un simple capricho del calendario: <strong>hay razones profundas, hist\u00f3ricas y culturales, que explican por qu\u00e9 la provincia mantiene esta particularidad.<\/strong><\/p>\n<p>En el calendario legislativo nacional,\u00a0<strong>la foto es otra.<\/strong>\u00a0El primer d\u00eda de marzo marca el comienzo formal para el Congreso, y tambi\u00e9n para la mayor\u00eda de las provincias: este a\u00f1o, por ejemplo, fueron catorce los distritos que acompa\u00f1aron la apertura nacional, entre ellos Buenos Aires, C\u00f3rdoba y Tucum\u00e1n. Un mes antes, en febrero, Entre R\u00edos y C\u00f3rdoba hab\u00edan comenzado a mover sus piezas. Mientras que en abril fue el turno de Jujuy, San Luis y San Juan.\u00a0<strong>Mendoza<\/strong>, en tanto, comparte el cierre de la ronda con Catamarca, Misiones y Santa Fe.<\/p>\n<p><strong><em><span style=\"color: #003300;\">\u00bfPor qu\u00e9 aqu\u00ed es distinto?\u00a0<\/span>Las respuestas est\u00e1n ancladas en dos tradiciones que atraviesan tanto la pol\u00edtica como la vida rural mendocina.<\/em><\/strong><\/p>\n<aside class=\"scaip scaip-1    \"><\/aside>\n<p>Una de las explicaciones nos remonta a mediados del siglo XIX, cuando Juan Bautista Alberdi -el gran arquitecto de la Constituci\u00f3n Nacional de 1853- sugiri\u00f3 que el 1\u00b0 de Mayo se estableciera como fecha simb\u00f3lica para\u00a0<strong>abrir las sesiones.<\/strong>\u00a0No era un d\u00eda cualquiera: ese mismo d\u00eda, en 1851, Justo Jos\u00e9 de Urquiza se hab\u00eda alzado contra Juan Manuel de Rosas, en uno de los hitos m\u00e1s resonantes para el federalismo argentino.<\/p>\n<p>Para Alberdi, quien aborrec\u00eda todo lo que el caudillo bonaerense representaba, honrar el levantamiento de Urquiza era un gesto de reafirmaci\u00f3n pol\u00edtica y cultural. Las provincias, entonces, replicaron esa fecha en sus propias constituciones.<\/p>\n<p>La\u00a0<strong>reforma constitucional de 1994<\/strong>\u00a0movi\u00f3 el calendario nacional al 1\u00b0 de marzo, pero algunas provincias decidieron sostener su viejo calendario, fieles a esa impronta hist\u00f3rica que todav\u00eda late en sus instituciones.\u00a0<strong>Mendoza<\/strong>, no fue la excepci\u00f3n.<\/p>\n<h2 id=\"h-vinedos-cosechas-y-la-logica-del-campo\" class=\"wp-block-heading\"><strong>Vi\u00f1edos, cosechas y la l\u00f3gica del campo<\/strong><\/h2>\n<p>Pero la historia no siempre se escribe s\u00f3lo en libros de leyes. Hay otra explicaci\u00f3n que tiene ra\u00edces m\u00e1s terrenales, tan profundas como las de una<strong>\u00a0vid mendocina.<\/strong><\/p>\n<p>En una provincia donde la econom\u00eda y la vida social giraron, giran y girar\u00e1n alrededor de la agricultura,\u00a0<strong>los primeros diputados y senadores eran, en su mayor\u00eda, hombres de campo.\u00a0<\/strong>Para ellos, el a\u00f1o no empezaba en enero ni en marzo: la vida pol\u00edtica pod\u00eda esperar, porque primero hab\u00eda que levantar la\u00a0<strong>cosecha<\/strong>. Solo despu\u00e9s, con los granos guardados y las vi\u00f1as descansando, era tiempo de meterse a la arena pol\u00edtica, que por si fuera poco, en ese entonces era \u201c<em>ad honorem<\/em>\u201d.<\/p>\n<p>Ese ciclo agrario defini\u00f3 costumbres y prioridades. Y esa herencia, mezcla de pragmatismo rural y tradici\u00f3n pol\u00edtica, explica los motivos por los que\u00a0<strong>Mendoza\u00a0<\/strong>mantiene el 1\u00b0 de Mayo como el d\u00eda que marca el inicio de su a\u00f1o legislativo.<\/p>\n<\/div>\n<\/div>\n","protected":false},"excerpt":{"rendered":"<p>Mientras en la mayor\u00eda de las provincias el calendario parlamentario arranca en marzo, en Mendoza hay que esperar hasta el D\u00eda &#8230;<\/p>\n","protected":false},"author":7,"featured_media":147520,"comment_status":"open","ping_status":"open","sticky":false,"template":"","format":"standard","meta":{"footnotes":""},"categories":[10,43],"tags":[],"class_list":["post-147519","post","type-post","status-publish","format-standard","has-post-thumbnail","hentry","category-destacadas","category-legislatura"],"_links":{"self":[{"href":"https:\/\/vinasfm.com\/noticias\/wp-json\/wp\/v2\/posts\/147519","targetHints":{"allow":["GET"]}}],"collection":[{"href":"https:\/\/vinasfm.com\/noticias\/wp-json\/wp\/v2\/posts"}],"about":[{"href":"https:\/\/vinasfm.com\/noticias\/wp-json\/wp\/v2\/types\/post"}],"author":[{"embeddable":true,"href":"https:\/\/vinasfm.com\/noticias\/wp-json\/wp\/v2\/users\/7"}],"replies":[{"embeddable":true,"href":"https:\/\/vinasfm.com\/noticias\/wp-json\/wp\/v2\/comments?post=147519"}],"version-history":[{"count":1,"href":"https:\/\/vinasfm.com\/noticias\/wp-json\/wp\/v2\/posts\/147519\/revisions"}],"predecessor-version":[{"id":147521,"href":"https:\/\/vinasfm.com\/noticias\/wp-json\/wp\/v2\/posts\/147519\/revisions\/147521"}],"wp:featuredmedia":[{"embeddable":true,"href":"https:\/\/vinasfm.com\/noticias\/wp-json\/wp\/v2\/media\/147520"}],"wp:attachment":[{"href":"https:\/\/vinasfm.com\/noticias\/wp-json\/wp\/v2\/media?parent=147519"}],"wp:term":[{"taxonomy":"category","embeddable":true,"href":"https:\/\/vinasfm.com\/noticias\/wp-json\/wp\/v2\/categories?post=147519"},{"taxonomy":"post_tag","embeddable":true,"href":"https:\/\/vinasfm.com\/noticias\/wp-json\/wp\/v2\/tags?post=147519"}],"curies":[{"name":"wp","href":"https:\/\/api.w.org\/{rel}","templated":true}]}}