{"id":147497,"date":"2025-04-28T12:13:52","date_gmt":"2025-04-28T15:13:52","guid":{"rendered":"https:\/\/vinasfm.com\/noticias\/?p=147497"},"modified":"2025-04-29T10:29:43","modified_gmt":"2025-04-29T13:29:43","slug":"se-viene-un-nuevo-aumento-en-la-tarifa-de-taxi-y-remises-de-mendoza","status":"publish","type":"post","link":"https:\/\/vinasfm.com\/noticias\/se-viene-un-nuevo-aumento-en-la-tarifa-de-taxi-y-remises-de-mendoza\/","title":{"rendered":"SE VIENE UN NUEVO AUMENTO EN LA TARIFA DE TAXI Y REMISES DE MENDOZA"},"content":{"rendered":"<h4><span style=\"color: #003300;\"><strong>El Gobierno convoc\u00f3 a una audiencia p\u00fablica para el mes de mayo. Desde el sector indicaron que el incremento debe ser cercano al 28%, aunque en el EMOP entendieron que el desfasaje tarifario es del 21%.<\/strong><\/span><\/h4>\n<p>Las solicitudes de incremento tarifario fueron presentadas por\u00a0<strong>APROTAM<\/strong>, ATARSUR y CETAX, con pedidos de\u00a0<strong>aumento\u00a0<\/strong>que oscilan entre el 20,8% y el 28,3%.<\/p>\n<p>Tras el an\u00e1lisis de los estudios de costos correspondientes, la Subdirecci\u00f3n de Tarifas y Supervisi\u00f3n del EMOP\u00a0<strong>concluy\u00f3 que existe un desfasaje tarifario del 21,11%<\/strong>\u00a0respecto a los costos actuales, tomando como referencia la \u00faltima actualizaci\u00f3n realizada mediante la Resoluci\u00f3n N\u00b0 1540\/24.<\/p>\n<p>Los interesados en participar como oradores deber\u00e1n inscribirse previamente, hasta el 16 de mayo, enviando un correo electr\u00f3nico a\u00a0<strong><a>mesadeentrada@emop.com.ar<\/a><\/strong>. Cada participante contar\u00e1 con un m\u00e1ximo de 10 minutos para exponer su posici\u00f3n.<\/p>\n<p>El EMOP destac\u00f3 que este proceso <em><strong>\u201cbusca garantizar la participaci\u00f3n de todos los sectores involucrados y de los usuarios, permiti\u00e9ndoles expresar su apoyo, oposici\u00f3n o sugerencias respecto del ajuste tarifario propuesto\u201d.<\/strong><\/em><\/p>\n","protected":false},"excerpt":{"rendered":"<p>El Gobierno convoc\u00f3 a una audiencia p\u00fablica para el mes de mayo. Desde el sector indicaron que el incremento debe ser &#8230;<\/p>\n","protected":false},"author":7,"featured_media":147503,"comment_status":"open","ping_status":"open","sticky":false,"template":"","format":"standard","meta":{"footnotes":""},"categories":[5,169],"tags":[],"class_list":["post-147497","post","type-post","status-publish","format-standard","has-post-thumbnail","hentry","category-actualidad","category-aumentos"],"_links":{"self":[{"href":"https:\/\/vinasfm.com\/noticias\/wp-json\/wp\/v2\/posts\/147497","targetHints":{"allow":["GET"]}}],"collection":[{"href":"https:\/\/vinasfm.com\/noticias\/wp-json\/wp\/v2\/posts"}],"about":[{"href":"https:\/\/vinasfm.com\/noticias\/wp-json\/wp\/v2\/types\/post"}],"author":[{"embeddable":true,"href":"https:\/\/vinasfm.com\/noticias\/wp-json\/wp\/v2\/users\/7"}],"replies":[{"embeddable":true,"href":"https:\/\/vinasfm.com\/noticias\/wp-json\/wp\/v2\/comments?post=147497"}],"version-history":[{"count":1,"href":"https:\/\/vinasfm.com\/noticias\/wp-json\/wp\/v2\/posts\/147497\/revisions"}],"predecessor-version":[{"id":147504,"href":"https:\/\/vinasfm.com\/noticias\/wp-json\/wp\/v2\/posts\/147497\/revisions\/147504"}],"wp:featuredmedia":[{"embeddable":true,"href":"https:\/\/vinasfm.com\/noticias\/wp-json\/wp\/v2\/media\/147503"}],"wp:attachment":[{"href":"https:\/\/vinasfm.com\/noticias\/wp-json\/wp\/v2\/media?parent=147497"}],"wp:term":[{"taxonomy":"category","embeddable":true,"href":"https:\/\/vinasfm.com\/noticias\/wp-json\/wp\/v2\/categories?post=147497"},{"taxonomy":"post_tag","embeddable":true,"href":"https:\/\/vinasfm.com\/noticias\/wp-json\/wp\/v2\/tags?post=147497"}],"curies":[{"name":"wp","href":"https:\/\/api.w.org\/{rel}","templated":true}]}}