{"id":147487,"date":"2025-04-28T10:10:21","date_gmt":"2025-04-28T13:10:21","guid":{"rendered":"https:\/\/vinasfm.com\/noticias\/?p=147487"},"modified":"2025-04-29T08:52:31","modified_gmt":"2025-04-29T11:52:31","slug":"culmino-el-ciclo-de-capacitacion-en-improvisacion-teatral","status":"publish","type":"post","link":"https:\/\/vinasfm.com\/noticias\/culmino-el-ciclo-de-capacitacion-en-improvisacion-teatral\/","title":{"rendered":"CULMIN\u00d3 EL CICLO DE CAPACITACI\u00d3N EN IMPROVISACI\u00d3N TEATRAL"},"content":{"rendered":"<h4><span style=\"color: #003300;\"><strong>Este fin de semana finaliz\u00f3 el Taller de Improvisaci\u00f3n Teatral dictado por Sebasti\u00e1n \u00abFoca\u00bb Luna en General Alvear, una propuesta impulsada por la Direcci\u00f3n de Cultura que busc\u00f3 brindar herramientas de perfeccionamiento a los artistas locales.<\/strong><\/span><\/h4>\n<p>El curso, const\u00f3 de cuatro encuentros intensivos y cont\u00f3 con una excelente participaci\u00f3n de j\u00f3venes y adultos, quienes encontraron en la improvisaci\u00f3n un espacio de expresi\u00f3n y aprendizaje. <em>La directora de Cultura<\/em>, <span style=\"color: #003366;\"><strong>Mar\u00eda Delia Achetoni<\/strong><\/span>, destac\u00f3 la importancia de acercar estas oportunidades de formaci\u00f3n: <strong>\u00abqueremos que los artistas de Alvear tengan la posibilidad de capacitarse sin tener que viajar a otros departamentos\u00bb.<\/strong><\/p>\n<p>Achetoni remarc\u00f3 adem\u00e1s que la iniciativa fue muy bien recibida: <em><strong>\u00abel taller fue un \u00e9xito, mucha gente pudo disfrutarlo\u00bb<\/strong><\/em>. Desde la Direcci\u00f3n de Cultura se busca no solo capacitar, sino tambi\u00e9n fomentar el compromiso art\u00edstico, ya que los participantes tienen la posibilidad de devolver lo aprendido a trav\u00e9s de presentaciones y actividades culturales locales.<\/p>\n<p>La capacitaci\u00f3n de improvisaci\u00f3n teatral forma parte de un ciclo m\u00e1s amplio de talleres que se est\u00e1n llevando adelante en el departamento. Actualmente, <strong>tambi\u00e9n se desarrollan capacitaciones en dramaturgia, guiones vendimiales y narraci\u00f3n de cuentos en Casa Salonia, con una importante concurrencia.<\/strong><\/p>\n<p><em><strong>\u00abEs una retroalimentaci\u00f3n constante entre los artistas y Cultura\u00bb<\/strong><\/em>, explic\u00f3 la directora, quien adem\u00e1s adelant\u00f3 que pr\u00f3ximamente se lanzar\u00e1n nuevas propuestas destinadas a m\u00fasicos y a j\u00f3venes escritores.<\/p>\n","protected":false},"excerpt":{"rendered":"<p>Este fin de semana finaliz\u00f3 el Taller de Improvisaci\u00f3n Teatral dictado por Sebasti\u00e1n \u00abFoca\u00bb Luna en General Alvear, una propuesta impulsada &#8230;<\/p>\n","protected":false},"author":7,"featured_media":147488,"comment_status":"open","ping_status":"open","sticky":false,"template":"","format":"standard","meta":{"footnotes":""},"categories":[19,11],"tags":[],"class_list":["post-147487","post","type-post","status-publish","format-standard","has-post-thumbnail","hentry","category-cultura","category-sociales"],"_links":{"self":[{"href":"https:\/\/vinasfm.com\/noticias\/wp-json\/wp\/v2\/posts\/147487","targetHints":{"allow":["GET"]}}],"collection":[{"href":"https:\/\/vinasfm.com\/noticias\/wp-json\/wp\/v2\/posts"}],"about":[{"href":"https:\/\/vinasfm.com\/noticias\/wp-json\/wp\/v2\/types\/post"}],"author":[{"embeddable":true,"href":"https:\/\/vinasfm.com\/noticias\/wp-json\/wp\/v2\/users\/7"}],"replies":[{"embeddable":true,"href":"https:\/\/vinasfm.com\/noticias\/wp-json\/wp\/v2\/comments?post=147487"}],"version-history":[{"count":2,"href":"https:\/\/vinasfm.com\/noticias\/wp-json\/wp\/v2\/posts\/147487\/revisions"}],"predecessor-version":[{"id":147494,"href":"https:\/\/vinasfm.com\/noticias\/wp-json\/wp\/v2\/posts\/147487\/revisions\/147494"}],"wp:featuredmedia":[{"embeddable":true,"href":"https:\/\/vinasfm.com\/noticias\/wp-json\/wp\/v2\/media\/147488"}],"wp:attachment":[{"href":"https:\/\/vinasfm.com\/noticias\/wp-json\/wp\/v2\/media?parent=147487"}],"wp:term":[{"taxonomy":"category","embeddable":true,"href":"https:\/\/vinasfm.com\/noticias\/wp-json\/wp\/v2\/categories?post=147487"},{"taxonomy":"post_tag","embeddable":true,"href":"https:\/\/vinasfm.com\/noticias\/wp-json\/wp\/v2\/tags?post=147487"}],"curies":[{"name":"wp","href":"https:\/\/api.w.org\/{rel}","templated":true}]}}