{"id":147479,"date":"2025-04-28T09:39:57","date_gmt":"2025-04-28T12:39:57","guid":{"rendered":"https:\/\/vinasfm.com\/noticias\/?p=147479"},"modified":"2025-04-29T08:27:54","modified_gmt":"2025-04-29T11:27:54","slug":"primera-jornada-de-cardiologia-en-alvear-con-el-foco-en-la-prevencion-y-primeros-auxilios","status":"publish","type":"post","link":"https:\/\/vinasfm.com\/noticias\/primera-jornada-de-cardiologia-en-alvear-con-el-foco-en-la-prevencion-y-primeros-auxilios\/","title":{"rendered":"PRIMERA JORNADA DE CARDIOLOG\u00cdA EN ALVEAR, CON EL FOCO EN LA PREVENCI\u00d3N Y PRIMEROS AUXILIOS"},"content":{"rendered":"<h4><strong><span style=\"color: #003300;\">El pasado s\u00e1bado, se llev\u00f3 a cabo la primera jornada de cardiolog\u00eda en el Cine Teatro Antonio Lafalla, un evento organizado por el Hospital Enfermeros Argentinos, el \u00c1rea Sanitaria y la Municipalidad de General Alvear.<\/span><\/strong><\/h4>\n<p>La jornada cont\u00f3 con una destacada participaci\u00f3n de aproximadamente 70 profesionales de la salud y miembros de la comunidad, quienes asistieron a charlas sobre enfermedades cardiovasculares y primeros auxilios, impartidas por expertos en la materia.<\/p>\n<p>La importancia de educar a la poblaci\u00f3n sobre los factores de riesgo cardiovascular fue uno de los temas centrales abordados durante el evento. <strong>Las enfermedades cardiovasculares son prevenibles y constituyen la principal causa de muerte a nivel mundial, lo que resalta la necesidad urgente de concienciar a la comunidad sobre esta problem\u00e1tica.<\/strong><\/p>\n<p>La doctora <span style=\"color: #003366;\"><strong>Natalia Estrella<\/strong><\/span>, organizadora del evento, expres\u00f3 su satisfacci\u00f3n por el desarrollo de la jornada:<em><strong> \u201ccontamos con la presencia del presidente de la Federaci\u00f3n Argentina de Cardiolog\u00eda y con el jefe de la unidad coronaria del Hospital Lagomaggiore. Estamos muy contentos. Tuvimos muy buena predisposici\u00f3n de la gente, sobre todo los profesionales de la salud. Siempre hacemos hincapi\u00e9 en que la enfermedad cardiovascular sigue siendo la principal causa de muerte en el mundo. Prevenirla no es solamente una funci\u00f3n de los m\u00e9dicos y enfermeros, sino tambi\u00e9n de la poblaci\u00f3n en general. Es fundamental que las personas conozcan los factores y causas que pueden llevar a enfermedades del coraz\u00f3n para poder adoptar conductas que reduzcan su probabilidad\u201d.<\/strong><\/em><\/p>\n<p><a href=\"https:\/\/vinasfm.com\/noticias\/wp-content\/uploads\/2025\/04\/Imagen-de-WhatsApp-2025-04-28-a-las-09.17.22_e5729df4.jpg\"><img loading=\"lazy\" decoding=\"async\" class=\"wp-image-147482 aligncenter\" src=\"https:\/\/vinasfm.com\/noticias\/wp-content\/uploads\/2025\/04\/Imagen-de-WhatsApp-2025-04-28-a-las-09.17.22_e5729df4-1024x768.jpg\" alt=\"\" width=\"500\" height=\"375\" srcset=\"https:\/\/vinasfm.com\/noticias\/wp-content\/uploads\/2025\/04\/Imagen-de-WhatsApp-2025-04-28-a-las-09.17.22_e5729df4-1024x768.jpg 1024w, https:\/\/vinasfm.com\/noticias\/wp-content\/uploads\/2025\/04\/Imagen-de-WhatsApp-2025-04-28-a-las-09.17.22_e5729df4-300x225.jpg 300w, https:\/\/vinasfm.com\/noticias\/wp-content\/uploads\/2025\/04\/Imagen-de-WhatsApp-2025-04-28-a-las-09.17.22_e5729df4-768x576.jpg 768w, https:\/\/vinasfm.com\/noticias\/wp-content\/uploads\/2025\/04\/Imagen-de-WhatsApp-2025-04-28-a-las-09.17.22_e5729df4-1536x1152.jpg 1536w, https:\/\/vinasfm.com\/noticias\/wp-content\/uploads\/2025\/04\/Imagen-de-WhatsApp-2025-04-28-a-las-09.17.22_e5729df4.jpg 1600w\" sizes=\"auto, (max-width: 500px) 100vw, 500px\" \/><\/a><\/p>\n<p><span style=\"color: #003366;\"><strong>Gustavo Fares<\/strong><\/span>, <em>presidente de la Asociaci\u00f3n Argentina de Cardiolog\u00eda<\/em>, tambi\u00e9n comparti\u00f3 su entusiasmo por el evento: <em><strong>\u201cestoy encantad\u00edsimo de estar en Alvear. Tuve el grato honor de conocer la ciudad y participar en un evento que tuvo un alt\u00edsimo nivel cient\u00edfico y una gran concurrencia. Es fundamental ofrecer capacitaciones a los profesionales en el marco de esta enfermedad que, como dijo la doctora, se puede prevenir. Es la principal causa de muerte en nuestro pa\u00eds y tambi\u00e9n en nuestra regi\u00f3n; especialmente entre las mujeres, quienes a menudo creen que sus problemas de salud est\u00e1n relacionados \u00fanicamente con lo ginecol\u00f3gico\u201d.<\/strong><\/em><\/p>\n<p>Fares continu\u00f3 destacando que <em><strong>\u201ctodos los grupos etarios \u2014ni\u00f1os, adolescentes, adultos y ancianos\u2014 pueden verse afectados por estas condiciones, por lo que debemos trabajar juntos para prevenirlas\u201d<\/strong><\/em>. Adem\u00e1s, elogi\u00f3 la organizaci\u00f3n del evento: <em><strong>\u201cEs un honor ver tanta concurrencia en una ciudad peque\u00f1a del interior. Esto nos motiva a seguir ofreciendo capacitaciones similares; hay grandes valores locales que merecen ser reconocidos\u201d.<\/strong><\/em><\/p>\n<p>La primera jornada de cardiolog\u00eda no solo fue un espacio para compartir conocimientos entre profesionales, sino tambi\u00e9n una oportunidad para fomentar una mayor conciencia sobre las enfermedades cardiovasculares dentro de la comunidad general. La colaboraci\u00f3n entre instituciones locales y expertos nacionales promete ser un camino hacia una mejor salud cardiovascular para todos.<\/p>\n","protected":false},"excerpt":{"rendered":"<p>El pasado s\u00e1bado, se llev\u00f3 a cabo la primera jornada de cardiolog\u00eda en el Cine Teatro Antonio Lafalla, un evento organizado &#8230;<\/p>\n","protected":false},"author":7,"featured_media":147480,"comment_status":"open","ping_status":"open","sticky":false,"template":"","format":"standard","meta":{"footnotes":""},"categories":[5,15],"tags":[],"class_list":["post-147479","post","type-post","status-publish","format-standard","has-post-thumbnail","hentry","category-actualidad","category-salud"],"_links":{"self":[{"href":"https:\/\/vinasfm.com\/noticias\/wp-json\/wp\/v2\/posts\/147479","targetHints":{"allow":["GET"]}}],"collection":[{"href":"https:\/\/vinasfm.com\/noticias\/wp-json\/wp\/v2\/posts"}],"about":[{"href":"https:\/\/vinasfm.com\/noticias\/wp-json\/wp\/v2\/types\/post"}],"author":[{"embeddable":true,"href":"https:\/\/vinasfm.com\/noticias\/wp-json\/wp\/v2\/users\/7"}],"replies":[{"embeddable":true,"href":"https:\/\/vinasfm.com\/noticias\/wp-json\/wp\/v2\/comments?post=147479"}],"version-history":[{"count":3,"href":"https:\/\/vinasfm.com\/noticias\/wp-json\/wp\/v2\/posts\/147479\/revisions"}],"predecessor-version":[{"id":147484,"href":"https:\/\/vinasfm.com\/noticias\/wp-json\/wp\/v2\/posts\/147479\/revisions\/147484"}],"wp:featuredmedia":[{"embeddable":true,"href":"https:\/\/vinasfm.com\/noticias\/wp-json\/wp\/v2\/media\/147480"}],"wp:attachment":[{"href":"https:\/\/vinasfm.com\/noticias\/wp-json\/wp\/v2\/media?parent=147479"}],"wp:term":[{"taxonomy":"category","embeddable":true,"href":"https:\/\/vinasfm.com\/noticias\/wp-json\/wp\/v2\/categories?post=147479"},{"taxonomy":"post_tag","embeddable":true,"href":"https:\/\/vinasfm.com\/noticias\/wp-json\/wp\/v2\/tags?post=147479"}],"curies":[{"name":"wp","href":"https:\/\/api.w.org\/{rel}","templated":true}]}}