{"id":147474,"date":"2025-04-28T09:33:38","date_gmt":"2025-04-28T12:33:38","guid":{"rendered":"https:\/\/vinasfm.com\/noticias\/?p=147474"},"modified":"2025-04-29T08:53:00","modified_gmt":"2025-04-29T11:53:00","slug":"una-nueva-edicion-de-arte-en-las-plazas-llego-al-b-zangrandi","status":"publish","type":"post","link":"https:\/\/vinasfm.com\/noticias\/una-nueva-edicion-de-arte-en-las-plazas-llego-al-b-zangrandi\/","title":{"rendered":"UNA NUEVA EDICI\u00d3N DE &#8216;ARTE EN LAS PLAZAS&#8217; LLEG\u00d3 AL B\u00b0 ZANGRANDI"},"content":{"rendered":"<p><strong><span style=\"color: #003300;\">Este domingo, en horas de la tarde, el barrio Zangrandi, ubicado en el distrito de Alvear Oeste, se desarroll\u00f3 la actividad cultural \u201cArte en las plazas\u201d que reuni\u00f3 a vecinos y familias en la plaza del lugar. Este evento, que incluy\u00f3 bailes, presentaciones art\u00edsticas y m\u00fasica, busc\u00f3 acercar la cultura a un \u00e1rea alejada del centro del distrito.<\/span><\/strong><\/p>\n<p><strong><span style=\"color: #003366;\">Jimena Garc\u00eda<\/span><\/strong>, <em>delegada del distrito de Alvear Oeste<\/em>, expres\u00f3 su satisfacci\u00f3n por la realizaci\u00f3n de estas propuestas culturales: <em><strong>\u201cestoy muy contenta con estas iniciativas que son tan interesantes porque abarcan a todas las familias. Es una oportunidad para disfrutar de una tarde linda en el barrio Zangrandi\u201d<\/strong><\/em>. Garc\u00eda destac\u00f3 que el lugar, aunque alejado del centro, ha recibido un esfuerzo significativo para acercar servicios y actividades culturales a los vecinos.<em><strong> \u201cPor pedido del intendente, hemos tratado de darle el mayor apoyo posible a esta comunidad\u201d<\/strong><\/em>, agreg\u00f3.<\/p>\n<p>La delegada tambi\u00e9n mencion\u00f3 los trabajos de poda y limpieza realizados en la zona. Seg\u00fan los vecinos, no se hab\u00eda llevado a cabo un esfuerzo as\u00ed en m\u00e1s de diez a\u00f1os. <strong><em>\u201cEstamos muy contentos con estos avances, ya que contribuyen a la seguridad y limpieza del barrio\u201d<\/em><\/strong>, afirm\u00f3 Garc\u00eda.<\/p>\n<p><a href=\"https:\/\/vinasfm.com\/noticias\/wp-content\/uploads\/2025\/04\/Imagen-de-WhatsApp-2025-04-28-a-las-09.17.33_0c8742f3.jpg\"><img loading=\"lazy\" decoding=\"async\" class=\"alignnone wp-image-147475\" src=\"https:\/\/vinasfm.com\/noticias\/wp-content\/uploads\/2025\/04\/Imagen-de-WhatsApp-2025-04-28-a-las-09.17.33_0c8742f3-1024x576.jpg\" alt=\"\" width=\"350\" height=\"197\" srcset=\"https:\/\/vinasfm.com\/noticias\/wp-content\/uploads\/2025\/04\/Imagen-de-WhatsApp-2025-04-28-a-las-09.17.33_0c8742f3-1024x576.jpg 1024w, https:\/\/vinasfm.com\/noticias\/wp-content\/uploads\/2025\/04\/Imagen-de-WhatsApp-2025-04-28-a-las-09.17.33_0c8742f3-300x169.jpg 300w, https:\/\/vinasfm.com\/noticias\/wp-content\/uploads\/2025\/04\/Imagen-de-WhatsApp-2025-04-28-a-las-09.17.33_0c8742f3-768x432.jpg 768w, https:\/\/vinasfm.com\/noticias\/wp-content\/uploads\/2025\/04\/Imagen-de-WhatsApp-2025-04-28-a-las-09.17.33_0c8742f3-1536x864.jpg 1536w, https:\/\/vinasfm.com\/noticias\/wp-content\/uploads\/2025\/04\/Imagen-de-WhatsApp-2025-04-28-a-las-09.17.33_0c8742f3-750x420.jpg 750w, https:\/\/vinasfm.com\/noticias\/wp-content\/uploads\/2025\/04\/Imagen-de-WhatsApp-2025-04-28-a-las-09.17.33_0c8742f3-1140x641.jpg 1140w, https:\/\/vinasfm.com\/noticias\/wp-content\/uploads\/2025\/04\/Imagen-de-WhatsApp-2025-04-28-a-las-09.17.33_0c8742f3.jpg 1600w\" sizes=\"auto, (max-width: 350px) 100vw, 350px\" \/><\/a> <a href=\"https:\/\/vinasfm.com\/noticias\/wp-content\/uploads\/2025\/04\/Imagen-de-WhatsApp-2025-04-28-a-las-09.17.36_00d16318.jpg\"><img loading=\"lazy\" decoding=\"async\" class=\"alignnone wp-image-147476\" src=\"https:\/\/vinasfm.com\/noticias\/wp-content\/uploads\/2025\/04\/Imagen-de-WhatsApp-2025-04-28-a-las-09.17.36_00d16318-1024x576.jpg\" alt=\"\" width=\"350\" height=\"197\" srcset=\"https:\/\/vinasfm.com\/noticias\/wp-content\/uploads\/2025\/04\/Imagen-de-WhatsApp-2025-04-28-a-las-09.17.36_00d16318-1024x576.jpg 1024w, https:\/\/vinasfm.com\/noticias\/wp-content\/uploads\/2025\/04\/Imagen-de-WhatsApp-2025-04-28-a-las-09.17.36_00d16318-300x169.jpg 300w, https:\/\/vinasfm.com\/noticias\/wp-content\/uploads\/2025\/04\/Imagen-de-WhatsApp-2025-04-28-a-las-09.17.36_00d16318-768x432.jpg 768w, https:\/\/vinasfm.com\/noticias\/wp-content\/uploads\/2025\/04\/Imagen-de-WhatsApp-2025-04-28-a-las-09.17.36_00d16318-1536x864.jpg 1536w, https:\/\/vinasfm.com\/noticias\/wp-content\/uploads\/2025\/04\/Imagen-de-WhatsApp-2025-04-28-a-las-09.17.36_00d16318-750x420.jpg 750w, https:\/\/vinasfm.com\/noticias\/wp-content\/uploads\/2025\/04\/Imagen-de-WhatsApp-2025-04-28-a-las-09.17.36_00d16318-1140x641.jpg 1140w, https:\/\/vinasfm.com\/noticias\/wp-content\/uploads\/2025\/04\/Imagen-de-WhatsApp-2025-04-28-a-las-09.17.36_00d16318.jpg 1600w\" sizes=\"auto, (max-width: 350px) 100vw, 350px\" \/><\/a><\/p>\n<p>En el evento tambi\u00e9n se habl\u00f3 sobre la participaci\u00f3n activa de los vecinos. <em><strong>\u201cHemos construido una cancha de f\u00fatbol para que los chicos puedan participar en torneos no solo del barrio Zangrandi, sino tambi\u00e9n de zonas cercanas como El Ceibo y El Toscano\u201d<\/strong><\/em>, coment\u00f3 Garc\u00eda. La cancha est\u00e1 equipada con mesas y pr\u00f3ximamente se instalar\u00e1n churrasqueras para que todos puedan disfrutar de un espacio comunitario.<\/p>\n<p>La <span style=\"color: #003366;\"><strong>profesora \u201cGachi\u201d Garc\u00eda<\/strong><\/span> tambi\u00e9n particip\u00f3 en la jornada. En su intervenci\u00f3n, destac\u00f3: <em><strong>\u201cestamos aqu\u00ed una vez m\u00e1s en las plazas, fomentando que los chicos puedan dibujar, pintar y decorar. En este encuentro estamos trabajando sobre el tema de los animales, ya que se aproxima el D\u00eda del Animal\u201d<\/strong><\/em>. La profesora explic\u00f3 que los ni\u00f1os est\u00e1n creando obras relacionadas con esta tem\u00e1tica utilizando materiales reciclados, lo que no solo les permite expresarse art\u00edsticamente sino tambi\u00e9n aprender sobre la importancia del reciclaje.<\/p>\n<p><em><strong>\u201cLos chicos est\u00e1n muy entretenidos; tenemos l\u00e1pices decorativos y diferentes juegos donde pueden llevarse lo que han creado\u201d<\/strong><\/em>, a\u00f1adi\u00f3 Gachi. Tambi\u00e9n mencion\u00f3 lo gratificante que es trabajar con ni\u00f1os de \u00e1reas m\u00e1s alejadas de la ciudad:<em><strong> \u201cSon chicos muy amables y abiertos a nuevas experiencias. Les encanta crear y aprender cosas nuevas\u201d.<\/strong><\/em><\/p>\n","protected":false},"excerpt":{"rendered":"<p>Este domingo, en horas de la tarde, el barrio Zangrandi, ubicado en el distrito de Alvear Oeste, se desarroll\u00f3 la actividad &#8230;<\/p>\n","protected":false},"author":7,"featured_media":147477,"comment_status":"open","ping_status":"open","sticky":false,"template":"","format":"standard","meta":{"footnotes":""},"categories":[19,11],"tags":[],"class_list":["post-147474","post","type-post","status-publish","format-standard","has-post-thumbnail","hentry","category-cultura","category-sociales"],"_links":{"self":[{"href":"https:\/\/vinasfm.com\/noticias\/wp-json\/wp\/v2\/posts\/147474","targetHints":{"allow":["GET"]}}],"collection":[{"href":"https:\/\/vinasfm.com\/noticias\/wp-json\/wp\/v2\/posts"}],"about":[{"href":"https:\/\/vinasfm.com\/noticias\/wp-json\/wp\/v2\/types\/post"}],"author":[{"embeddable":true,"href":"https:\/\/vinasfm.com\/noticias\/wp-json\/wp\/v2\/users\/7"}],"replies":[{"embeddable":true,"href":"https:\/\/vinasfm.com\/noticias\/wp-json\/wp\/v2\/comments?post=147474"}],"version-history":[{"count":1,"href":"https:\/\/vinasfm.com\/noticias\/wp-json\/wp\/v2\/posts\/147474\/revisions"}],"predecessor-version":[{"id":147478,"href":"https:\/\/vinasfm.com\/noticias\/wp-json\/wp\/v2\/posts\/147474\/revisions\/147478"}],"wp:featuredmedia":[{"embeddable":true,"href":"https:\/\/vinasfm.com\/noticias\/wp-json\/wp\/v2\/media\/147477"}],"wp:attachment":[{"href":"https:\/\/vinasfm.com\/noticias\/wp-json\/wp\/v2\/media?parent=147474"}],"wp:term":[{"taxonomy":"category","embeddable":true,"href":"https:\/\/vinasfm.com\/noticias\/wp-json\/wp\/v2\/categories?post=147474"},{"taxonomy":"post_tag","embeddable":true,"href":"https:\/\/vinasfm.com\/noticias\/wp-json\/wp\/v2\/tags?post=147474"}],"curies":[{"name":"wp","href":"https:\/\/api.w.org\/{rel}","templated":true}]}}