{"id":147445,"date":"2025-04-27T08:17:44","date_gmt":"2025-04-27T11:17:44","guid":{"rendered":"https:\/\/vinasfm.com\/noticias\/?p=147445"},"modified":"2025-04-28T09:46:22","modified_gmt":"2025-04-28T12:46:22","slug":"robaron-una-bicicleta-fuera-de-un-comercio-centrico","status":"publish","type":"post","link":"https:\/\/vinasfm.com\/noticias\/robaron-una-bicicleta-fuera-de-un-comercio-centrico\/","title":{"rendered":"ROBARON UNA BICICLETA FUERA DE UN COMERCIO CENTRICO"},"content":{"rendered":"<h4 data-sourcepos=\"3:1-3:218\"><span style=\"color: #003300;\">Un hombre de 31 a\u00f1os denunci\u00f3 el s\u00e1bado por la noche el robo de su bicicleta mientras se encontraba en un local comercial ubicado en la intersecci\u00f3n de las calles Libertador Sur y Francia.<\/span><\/h4>\n<p data-sourcepos=\"5:1-5:347\">Seg\u00fan la informaci\u00f3n policial proveniente de la Comisar\u00eda 14\u00b0,<strong> el hecho ocurri\u00f3 alrededor de las 22:25 horas. La v\u00edctima, identificada como Cristian G., manifest\u00f3 que al llegar al comercio dej\u00f3 su bicicleta tipo todo terreno, de color negro con detalles en verde y rodado 28, sin asegurarla con ninguna medida de seguridad en la puerta de acceso.<\/strong><\/p>\n<p data-sourcepos=\"7:1-7:132\">Al salir del local, constat\u00f3 con sorpresa que <strong>autores desconocidos le hab\u00edan sustra\u00eddo el biciclo, d\u00e1ndose a la fuga inmediatamente.<\/strong><\/p>\n<p data-sourcepos=\"9:1-9:199\">La Oficina Fiscal de jurisdicci\u00f3n ha tomado intervenci\u00f3n en el caso y se encuentra realizando las investigaciones correspondientes para esclarecer el hecho e identificar a los responsables del hurto.<\/p>\n","protected":false},"excerpt":{"rendered":"<p>Un hombre de 31 a\u00f1os denunci\u00f3 el s\u00e1bado por la noche el robo de su bicicleta mientras se encontraba en un &#8230;<\/p>\n","protected":false},"author":7,"featured_media":147446,"comment_status":"open","ping_status":"open","sticky":false,"template":"","format":"standard","meta":{"footnotes":""},"categories":[201,33],"tags":[],"class_list":["post-147445","post","type-post","status-publish","format-standard","has-post-thumbnail","hentry","category-inseguridad","category-seguridad"],"_links":{"self":[{"href":"https:\/\/vinasfm.com\/noticias\/wp-json\/wp\/v2\/posts\/147445","targetHints":{"allow":["GET"]}}],"collection":[{"href":"https:\/\/vinasfm.com\/noticias\/wp-json\/wp\/v2\/posts"}],"about":[{"href":"https:\/\/vinasfm.com\/noticias\/wp-json\/wp\/v2\/types\/post"}],"author":[{"embeddable":true,"href":"https:\/\/vinasfm.com\/noticias\/wp-json\/wp\/v2\/users\/7"}],"replies":[{"embeddable":true,"href":"https:\/\/vinasfm.com\/noticias\/wp-json\/wp\/v2\/comments?post=147445"}],"version-history":[{"count":1,"href":"https:\/\/vinasfm.com\/noticias\/wp-json\/wp\/v2\/posts\/147445\/revisions"}],"predecessor-version":[{"id":147447,"href":"https:\/\/vinasfm.com\/noticias\/wp-json\/wp\/v2\/posts\/147445\/revisions\/147447"}],"wp:featuredmedia":[{"embeddable":true,"href":"https:\/\/vinasfm.com\/noticias\/wp-json\/wp\/v2\/media\/147446"}],"wp:attachment":[{"href":"https:\/\/vinasfm.com\/noticias\/wp-json\/wp\/v2\/media?parent=147445"}],"wp:term":[{"taxonomy":"category","embeddable":true,"href":"https:\/\/vinasfm.com\/noticias\/wp-json\/wp\/v2\/categories?post=147445"},{"taxonomy":"post_tag","embeddable":true,"href":"https:\/\/vinasfm.com\/noticias\/wp-json\/wp\/v2\/tags?post=147445"}],"curies":[{"name":"wp","href":"https:\/\/api.w.org\/{rel}","templated":true}]}}