{"id":147351,"date":"2025-04-24T11:21:11","date_gmt":"2025-04-24T14:21:11","guid":{"rendered":"https:\/\/vinasfm.com\/noticias\/?p=147351"},"modified":"2025-04-25T09:59:33","modified_gmt":"2025-04-25T12:59:33","slug":"sin-general-alvear-en-el-mapa-mema-revelo-cuales-son-las-obras-viales-que-nacion-priorizo-en-mendoza","status":"publish","type":"post","link":"https:\/\/vinasfm.com\/noticias\/sin-general-alvear-en-el-mapa-mema-revelo-cuales-son-las-obras-viales-que-nacion-priorizo-en-mendoza\/","title":{"rendered":"SIN GENERAL ALVEAR EN EL MAPA, MEMA REVEL\u00d3 CU\u00c1LES SON LAS OBRAS VIALES QUE NACI\u00d3N PRIORIZ\u00d3 EN MENDOZA"},"content":{"rendered":"<p><span style=\"color: #003366;\"><strong>Mientras el gobierno nacional define sus prioridades en infraestructura para Mendoza, el departamento de General Alvear vuelve a quedar fuera del radar. Durante un encuentro con legisladores, el ministro de Gobierno detall\u00f3 los proyectos que tienen prioridad para el Gobierno nacional en la Provincia.<\/strong><\/span><\/p>\n<article class=\"article-body article-body--first-paragraph\">El <em>ministro de Gobierno, Infraestructura y Desarrollo Territorial<\/em>,\u00a0<span style=\"color: #003366;\"><strong>Natalio Mema<\/strong><\/span>, revel\u00f3 que\u00a0<strong>el Gobierno nacional ha priorizado la ejecuci\u00f3n del Corredor Internacional que conecta Desaguadero (La Paz) con el l\u00edmite con Chile<\/strong>, a trav\u00e9s de la Variante Palmira. La obra forma parte del trazado de la Ruta Nacional 7 y constituye un\u00a0<strong>eje estrat\u00e9gico para el comercio y el turismo entre Argentina y Chile<\/strong>.<\/article>\n<article class=\"article-body article-body--second-paragraph\">El anuncio se dio durante la reuni\u00f3n de la\u00a0<strong>comisi\u00f3n bicameral de Di\u00e1logo Pol\u00edtico del Senado<\/strong>. La actividad se llev\u00f3 a cabo en Casa de Gobierno y tambi\u00e9n cont\u00f3 con la participaci\u00f3n del <em>subsecretario de Relaciones Institucionales de Mendoza<\/em>,<strong>\u00a0<span style=\"color: #003366;\">Jos\u00e9 Mar\u00eda Videla Sanz<\/span><\/strong><span style=\"color: #003366;\">.<\/span><img decoding=\"async\" class=\"aligncenter\" src=\"https:\/\/media.sitioandino.com.ar\/p\/3967b834f35d34af2182bbfc1c84a51d\/adjuntos\/335\/imagenes\/000\/721\/0000721970\/790x0\/smart\/obra-publica-la-variante-palmira-agrelojpg.jpg\" alt=\"Mendoza reclama el avance de la obra p\u00fablica vial en su territorio\" \/><\/p>\n<h6>Mendoza reclama el avance de la obra p\u00fablica vial en su territorio.<\/h6>\n<article class=\"article-body article-body--second-paragraph\">Justamente, el exdiputado provincial destac\u00f3 que\u00a0<strong>Mendoza asumi\u00f3 desde esta semana la Coordinaci\u00f3n de la Comisi\u00f3n Nacional de Pasos Internacionales y Energ\u00eda<\/strong>, lo que permitir\u00e1 a la provincia tener\u00a0<strong>mayor protagonismo<\/strong>\u00a0en la agenda binacional.<\/article>\n<article class=\"article-body article-body--second-paragraph\">En ese sentido, Mema se\u00f1al\u00f3 que desde la gesti\u00f3n provincial vienen reclamando a Casa Rosada el\u00a0<strong>Paso Las Le\u00f1as y el refuerzo de la infraestructura en el Paso Cristo Redentor<\/strong>.<\/p>\n<h2>Las obras viales que Mendoza reclama a la Naci\u00f3n<\/h2>\n<p>Cabe recordar que la gesti\u00f3n de Alfredo Cornejo elev\u00f3 -tiempo atr\u00e1s- un pedido al gobierno federal para que\u00a0<strong>la Provincia pueda hacerse cargo de la administraci\u00f3n de algunos tramos de las rutas de jurisdicci\u00f3n nacional<\/strong>\u00a0en territorio mendocino. No obstante, el Ejecutivo local reclama que\u00a0<strong>se compense con un mecanismo mediante el cual pueda recuperar lo que invierta<\/strong>.<\/p>\n<p>Entre ellas, se encuentran:<\/p>\n<ul>\n<li><strong>Acceso Este (Ruta 7): desde La Variante Palmira en San Martin hasta el C\u00f3ndor de Guaymall\u00e9n.<\/strong><\/li>\n<li>Ruta Nacional 40: desde el acceso al Aeropuerto El Plumerillo y la intersecci\u00f3n con Ruta Provincial 34.<\/li>\n<li><strong>Acceso Sur (Ruta 40)<\/strong>: desde el ingreso a la ciudad de Mendoza hasta el acceso a Tunuy\u00e1n.<\/li>\n<li><strong>Ruta 143<\/strong>: tramo que une Pareditas (Valle de Uco) con El Toledano (San Rafael), en el sur provincial.<\/li>\n<\/ul>\n<\/article>\n<\/article>\n","protected":false},"excerpt":{"rendered":"<p>Mientras el gobierno nacional define sus prioridades en infraestructura para Mendoza, el departamento de General Alvear vuelve a quedar fuera del &#8230;<\/p>\n","protected":false},"author":7,"featured_media":147352,"comment_status":"open","ping_status":"open","sticky":false,"template":"","format":"standard","meta":{"footnotes":""},"categories":[5,29],"tags":[],"class_list":["post-147351","post","type-post","status-publish","format-standard","has-post-thumbnail","hentry","category-actualidad","category-obras-y-servicios"],"_links":{"self":[{"href":"https:\/\/vinasfm.com\/noticias\/wp-json\/wp\/v2\/posts\/147351","targetHints":{"allow":["GET"]}}],"collection":[{"href":"https:\/\/vinasfm.com\/noticias\/wp-json\/wp\/v2\/posts"}],"about":[{"href":"https:\/\/vinasfm.com\/noticias\/wp-json\/wp\/v2\/types\/post"}],"author":[{"embeddable":true,"href":"https:\/\/vinasfm.com\/noticias\/wp-json\/wp\/v2\/users\/7"}],"replies":[{"embeddable":true,"href":"https:\/\/vinasfm.com\/noticias\/wp-json\/wp\/v2\/comments?post=147351"}],"version-history":[{"count":2,"href":"https:\/\/vinasfm.com\/noticias\/wp-json\/wp\/v2\/posts\/147351\/revisions"}],"predecessor-version":[{"id":147386,"href":"https:\/\/vinasfm.com\/noticias\/wp-json\/wp\/v2\/posts\/147351\/revisions\/147386"}],"wp:featuredmedia":[{"embeddable":true,"href":"https:\/\/vinasfm.com\/noticias\/wp-json\/wp\/v2\/media\/147352"}],"wp:attachment":[{"href":"https:\/\/vinasfm.com\/noticias\/wp-json\/wp\/v2\/media?parent=147351"}],"wp:term":[{"taxonomy":"category","embeddable":true,"href":"https:\/\/vinasfm.com\/noticias\/wp-json\/wp\/v2\/categories?post=147351"},{"taxonomy":"post_tag","embeddable":true,"href":"https:\/\/vinasfm.com\/noticias\/wp-json\/wp\/v2\/tags?post=147351"}],"curies":[{"name":"wp","href":"https:\/\/api.w.org\/{rel}","templated":true}]}}