{"id":147334,"date":"2025-04-24T10:25:07","date_gmt":"2025-04-24T13:25:07","guid":{"rendered":"https:\/\/vinasfm.com\/noticias\/?p=147334"},"modified":"2025-04-25T09:55:08","modified_gmt":"2025-04-25T12:55:08","slug":"el-dia-del-libro-se-vivio-con-lectura-real","status":"publish","type":"post","link":"https:\/\/vinasfm.com\/noticias\/el-dia-del-libro-se-vivio-con-lectura-real\/","title":{"rendered":"EL D\u00cdA DEL LIBRO SE VIVI\u00d3 CON &#8216;LECTURA REAL&#8217;"},"content":{"rendered":"<h4>En el marco del D\u00eda del Libro, celebrado el 23 de abril, la Virreina Departamental de la Vendimia, Abril Vel\u00e1zquez, protagoniz\u00f3 una jornada especial de promoci\u00f3n de la lectura denominada \u201cLectura Real\u201d.<\/h4>\n<p>Durante la actividad, la soberana visit\u00f3 distintos espacios culturales de General Alvear,<strong> compartiendo lecturas infantiles y para adultos con la comunidad.<\/strong> La recorrida incluy\u00f3 la Biblioteca Antonio Di Marco y la Biblioteca Escritores Alvearenses, donde los m\u00e1s peque\u00f1os disfrutaron de cuentos y narraciones. M\u00e1s tarde, la lectura para adultos tuvo lugar en la Librer\u00eda Arlequ\u00edn.<\/p>\n<p><strong>La propuesta busc\u00f3 acercar el mundo de los libros para todas las edades, promoviendo la lectura como herramienta de encuentro, imaginaci\u00f3n\u00a0y\u00a0reflexi\u00f3n.<\/strong><\/p>\n","protected":false},"excerpt":{"rendered":"<p>En el marco del D\u00eda del Libro, celebrado el 23 de abril, la Virreina Departamental de la Vendimia, Abril Vel\u00e1zquez, protagoniz\u00f3 &#8230;<\/p>\n","protected":false},"author":7,"featured_media":147335,"comment_status":"open","ping_status":"open","sticky":false,"template":"","format":"standard","meta":{"footnotes":""},"categories":[19,10],"tags":[],"class_list":["post-147334","post","type-post","status-publish","format-standard","has-post-thumbnail","hentry","category-cultura","category-destacadas"],"_links":{"self":[{"href":"https:\/\/vinasfm.com\/noticias\/wp-json\/wp\/v2\/posts\/147334","targetHints":{"allow":["GET"]}}],"collection":[{"href":"https:\/\/vinasfm.com\/noticias\/wp-json\/wp\/v2\/posts"}],"about":[{"href":"https:\/\/vinasfm.com\/noticias\/wp-json\/wp\/v2\/types\/post"}],"author":[{"embeddable":true,"href":"https:\/\/vinasfm.com\/noticias\/wp-json\/wp\/v2\/users\/7"}],"replies":[{"embeddable":true,"href":"https:\/\/vinasfm.com\/noticias\/wp-json\/wp\/v2\/comments?post=147334"}],"version-history":[{"count":1,"href":"https:\/\/vinasfm.com\/noticias\/wp-json\/wp\/v2\/posts\/147334\/revisions"}],"predecessor-version":[{"id":147336,"href":"https:\/\/vinasfm.com\/noticias\/wp-json\/wp\/v2\/posts\/147334\/revisions\/147336"}],"wp:featuredmedia":[{"embeddable":true,"href":"https:\/\/vinasfm.com\/noticias\/wp-json\/wp\/v2\/media\/147335"}],"wp:attachment":[{"href":"https:\/\/vinasfm.com\/noticias\/wp-json\/wp\/v2\/media?parent=147334"}],"wp:term":[{"taxonomy":"category","embeddable":true,"href":"https:\/\/vinasfm.com\/noticias\/wp-json\/wp\/v2\/categories?post=147334"},{"taxonomy":"post_tag","embeddable":true,"href":"https:\/\/vinasfm.com\/noticias\/wp-json\/wp\/v2\/tags?post=147334"}],"curies":[{"name":"wp","href":"https:\/\/api.w.org\/{rel}","templated":true}]}}