{"id":147318,"date":"2025-04-24T09:21:30","date_gmt":"2025-04-24T12:21:30","guid":{"rendered":"https:\/\/vinasfm.com\/noticias\/?p=147318"},"modified":"2025-04-25T09:56:35","modified_gmt":"2025-04-25T12:56:35","slug":"se-cayo-la-tregua-entre-traumatologos-y-pami-jubilados-siguen-sin-atencion-en-mendoza","status":"publish","type":"post","link":"https:\/\/vinasfm.com\/noticias\/se-cayo-la-tregua-entre-traumatologos-y-pami-jubilados-siguen-sin-atencion-en-mendoza\/","title":{"rendered":"SE ROMPI\u00d3 LA \u00abTREGUA\u00bb ENTRE TRAUMAT\u00d3LOGOS Y PAMI: JUBILADOS SIGUEN SIN ATENCI\u00d3N EN MENDOZA"},"content":{"rendered":"<h4><span style=\"color: #003366;\"><strong>Pese a que las \u00faltimas horas parec\u00eda haber un principio de acuerdo, este fue rechazado por los m\u00e9dicos y los jubilados siguen sin atenci\u00f3n. Se realizan cirug\u00edas urgentes.<\/strong><\/span><\/h4>\n<p><span style=\"color: #000000;\">El conflicto por la atenci\u00f3n de los\u00a0traumat\u00f3logos de Mendoza\u00a0<strong><a id=\"137_agrupador\" class=\"agrupador\" href=\"https:\/\/www.losandes.com.ar\/temas\/mendoza\"><\/a>a los afiliados de\u00a0Pami<\/strong>\u00a0parec\u00eda tener un principio de acuerdo provisorio entre anoche y esta ma\u00f1ana pero finalmente se cay\u00f3. Cada una de las cl\u00ednicas hab\u00edan buscado negociar de manera individual con su equipo de especialistas para<strong> buscar un acercamiento que tendr\u00eda vigencia por 2 meses y por el cual se atender\u00edan los casos graves. Pero finalmente la propuesta ha sido rechazada por los m\u00e9dicos.<\/strong><\/span><\/p>\n<article class=\"article-body article-body--second-paragraph\">El<strong>\u00a0conflicto entre los\u00a0m\u00e9dicos\u00a0traumat\u00f3logos, los\u00a0hospitales\u00a0privados de Mendoza y el Pami\u00a0<\/strong>tiene su origen en la renuncia masiva de los profesionales a cl\u00ednicas y sanatorios privados para la atenci\u00f3n de afiliados a la obra social nacional. Esto ocurri\u00f3 a partir del 1 de abril y luego de largos reclamos de los m\u00e9dicos por el bajo valor que Pami paga por sus servicios.\u00a0<strong>Esto implic\u00f3 que los 247.000 afiliados, la mayor\u00eda\u00a0jubilados, quedaran sin acceso a ese servicio<\/strong>, situaci\u00f3n que se mantiene pese a los diversos intentos por lograr un acercamiento.<\/p>\n<\/article>\n<article class=\"article-body article-body--third-paragraph\"><em><strong>\u201cLa situaci\u00f3n es la misma\u201d<\/strong><\/em>, asegur\u00f3 a Los Andes Daniel Fraccaro, presidente de la Asociaci\u00f3n Mendocina de Ortopedia y Traumatolog\u00eda (Amot). <em><strong>\u201cLa diferencia es que las cl\u00ednicas en forma individual est\u00e1n hablando con los m\u00e9dicos, estar\u00edan cerca con los valores,\u00a0los m\u00e9dicos quieren que el pago se haga en Amot para garantizar que paguen y que todos tengan el mismo arreglo\u201d<\/strong><\/em>, especific\u00f3. Pero remarc\u00f3: <em><strong>\u201cNo se ha solucionado nada, s\u00ed hay m\u00e1s reuniones con las cl\u00ednicas\u201d.<\/strong><\/em><\/p>\n<p>En cuanto a los servicios subray\u00f3: \u201c<strong>Las cirug\u00edas se hacen por presupuesto, lo pagan las cl\u00ednicas<\/strong>\u201d, coment\u00f3 en referencia que se mantiene la realizaci\u00f3n de las intervenciones urgentes.<\/p>\n<article class=\"article-body article-body--fifth-paragraph\"><em><strong>\u201cLa \u00fanica forma en que los m\u00e9dicos pod\u00edan operar era con un presupuesto, que se lo hacen a la cl\u00ednica y se operan las cirug\u00edas que la cl\u00ednica solicita que se operen. Solamente eso, la cl\u00ednica es la que paga el presupuesto (&#8230;) reci\u00e9n se han pagado cuatro cirug\u00edas de la cl\u00ednica de Santa Isabel de Hungr\u00eda, el resto se han realizado, pero no se han pagado. Normalmente el pago era antes de que se operaran, se operaron igual, pero no han sido abonadas\u201d<\/strong><\/em>, detall\u00f3.<\/p>\n<\/article>\n<article class=\"article-body article-body--third-paragraph\">De todas formas, garantizar las intervenciones urgentes es fundamental, no s\u00f3lo por los riesgos para los pacientes sino porque\u00a0<strong>en las cl\u00ednicas estiman que 80% de la atenci\u00f3n es de este tipo de casos.<\/strong><\/p>\n<\/article>\n<\/article>\n","protected":false},"excerpt":{"rendered":"<p>Pese a que las \u00faltimas horas parec\u00eda haber un principio de acuerdo, este fue rechazado por los m\u00e9dicos y los jubilados &#8230;<\/p>\n","protected":false},"author":7,"featured_media":147319,"comment_status":"open","ping_status":"open","sticky":false,"template":"","format":"standard","meta":{"footnotes":""},"categories":[10,15],"tags":[],"class_list":["post-147318","post","type-post","status-publish","format-standard","has-post-thumbnail","hentry","category-destacadas","category-salud"],"_links":{"self":[{"href":"https:\/\/vinasfm.com\/noticias\/wp-json\/wp\/v2\/posts\/147318","targetHints":{"allow":["GET"]}}],"collection":[{"href":"https:\/\/vinasfm.com\/noticias\/wp-json\/wp\/v2\/posts"}],"about":[{"href":"https:\/\/vinasfm.com\/noticias\/wp-json\/wp\/v2\/types\/post"}],"author":[{"embeddable":true,"href":"https:\/\/vinasfm.com\/noticias\/wp-json\/wp\/v2\/users\/7"}],"replies":[{"embeddable":true,"href":"https:\/\/vinasfm.com\/noticias\/wp-json\/wp\/v2\/comments?post=147318"}],"version-history":[{"count":2,"href":"https:\/\/vinasfm.com\/noticias\/wp-json\/wp\/v2\/posts\/147318\/revisions"}],"predecessor-version":[{"id":147383,"href":"https:\/\/vinasfm.com\/noticias\/wp-json\/wp\/v2\/posts\/147318\/revisions\/147383"}],"wp:featuredmedia":[{"embeddable":true,"href":"https:\/\/vinasfm.com\/noticias\/wp-json\/wp\/v2\/media\/147319"}],"wp:attachment":[{"href":"https:\/\/vinasfm.com\/noticias\/wp-json\/wp\/v2\/media?parent=147318"}],"wp:term":[{"taxonomy":"category","embeddable":true,"href":"https:\/\/vinasfm.com\/noticias\/wp-json\/wp\/v2\/categories?post=147318"},{"taxonomy":"post_tag","embeddable":true,"href":"https:\/\/vinasfm.com\/noticias\/wp-json\/wp\/v2\/tags?post=147318"}],"curies":[{"name":"wp","href":"https:\/\/api.w.org\/{rel}","templated":true}]}}