{"id":147302,"date":"2025-04-24T08:10:02","date_gmt":"2025-04-24T11:10:02","guid":{"rendered":"https:\/\/vinasfm.com\/noticias\/?p=147302"},"modified":"2025-04-24T10:27:48","modified_gmt":"2025-04-24T13:27:48","slug":"estudiantes-de-podologia-realizan-practicas-en-centros-de-salud-de-alvear","status":"publish","type":"post","link":"https:\/\/vinasfm.com\/noticias\/estudiantes-de-podologia-realizan-practicas-en-centros-de-salud-de-alvear\/","title":{"rendered":"ESTUDIANTES DE PODOLOG\u00cdA REALIZAN PR\u00c1CTICAS EN CENTROS DE SALUD DE ALVEAR"},"content":{"rendered":"<h4 data-start=\"229\" data-end=\"620\">La concejal Mirtha Mart\u00ednez brindpo detalles de la puesta en marcha del proyecto de inserci\u00f3n de pr\u00e1cticas podol\u00f3gicas en centros de salud del departamento, impulsado junto al Instituto de Educaci\u00f3n Superior (IES) 9-007 \u201cDr. Salvador Calafat\u201d. La iniciativa, que busca acercar servicios gratuitos de podolog\u00eda a la comunidad, ya se est\u00e1 implementando en distintos centros asistenciales.<\/h4>\n<p class=\"\" data-start=\"622\" data-end=\"907\"><em><strong>\u00abEste proyecto comenz\u00f3 a gestarse el a\u00f1o pasado tras varias reuniones con el \u00e1rea de salud\u00bb<\/strong><\/em>, explic\u00f3 <span style=\"color: #003366;\"><strong>Mart\u00ednez<\/strong><\/span>. A ra\u00edz de ese trabajo conjunto, se firm\u00f3 un convenio entre el \u00e1rea departamental de salud \u2014a cargo del Dr. <span style=\"color: #003366;\"><strong>Marcos Domenech<\/strong><\/span>\u2014 y el IES 9-007, dirigido por el <span style=\"color: #003366;\"><strong>Lic. Mauro Torres<\/strong><\/span>.<\/p>\n<p class=\"\" data-start=\"909\" data-end=\"1350\">Desde hace tres semanas, <strong>estudiantes del \u00faltimo a\u00f1o de la Tecnicatura Superior en Podolog\u00eda est\u00e1n realizando pr\u00e1cticas supervisadas en el Centro de Salud de Bowen, el Centro Integrador Comunitario del Barrio Soemga y pr\u00f3ximamente estar\u00e1n en el Centro de Salud de Alvear Oeste.<\/strong> Las pr\u00e1cticas est\u00e1n bajo la supervisi\u00f3n del profesor Diego Olivera, coordinador de la carrera, quien recientemente particip\u00f3 en un congreso internacional en Madrid.<\/p>\n<p class=\"\" data-start=\"1352\" data-end=\"1684\"><em><strong>\u201cEl proyecto permite a los estudiantes llevar su formaci\u00f3n al campo, a la realidad, y al mismo tiempo prestar un servicio muy necesario en nuestra comunidad\u201d<\/strong><\/em>, se\u00f1al\u00f3 la concejal. En las primeras semanas ya se han detectado casos cr\u00edticos, como el de un adulto mayor con una infecci\u00f3n grave en el pie, que pudo ser atendido a tiempo.<\/p>\n<p class=\"\" data-start=\"1686\" data-end=\"2030\">La atenci\u00f3n es completamente gratuita y est\u00e1 abierta a toda la comunidad, sin necesidad de contar con obra social. <em><strong>\u201cLa idea es que los vecinos se anoten con tiempo en los centros de salud, donde se coordinar\u00e1 la cita\u201d<\/strong><\/em>, agreg\u00f3 Mart\u00ednez. Los insumos son provistos por el \u00e1rea de salud departamental, por lo que los pacientes no deben llevar nada.<\/p>\n<p class=\"\" data-start=\"2032\" data-end=\"2319\">Entre las principales demandas atendidas <strong>se destacan los casos de pie diab\u00e9tico, afecci\u00f3n que, de no ser tratada adecuadamente, puede derivar en amputaciones.<\/strong> El IES ya viene trabajando en esta problem\u00e1tica junto al Hospital Enfermeros Argentinos desde campa\u00f1as realizadas el a\u00f1o pasado.<\/p>\n<p class=\"\" data-start=\"2321\" data-end=\"2641\">La concejal tambi\u00e9n adelant\u00f3 que otros centros de salud, como los de Carmensa y La Marzolina, han solicitado la presencia de los estudiantes, aunque actualmente se enfrenta la dificultad del transporte debido a la falta de frecuencias de colectivos en esas zonas. <em><strong>\u201cEstamos gestionando soluciones para eso tambi\u00e9n\u201d<\/strong><\/em>, dijo.<\/p>\n<p class=\"\" data-start=\"2643\" data-end=\"2973\">Finalmente, Mart\u00ednez remarc\u00f3 la importancia del proyecto en un departamento donde no existe a\u00fan un servicio formal de podolog\u00eda ni en el hospital ni en los centros de salud:<strong><em> \u201cEste servicio es imprescindible, especialmente para adultos mayores y personas con diabetes. Esperamos que en el futuro se establezca de forma permanente\u201d.<\/em><\/strong><\/p>\n","protected":false},"excerpt":{"rendered":"<p>La concejal Mirtha Mart\u00ednez brindpo detalles de la puesta en marcha del proyecto de inserci\u00f3n de pr\u00e1cticas podol\u00f3gicas en centros de &#8230;<\/p>\n","protected":false},"author":7,"featured_media":147303,"comment_status":"open","ping_status":"open","sticky":false,"template":"","format":"standard","meta":{"footnotes":""},"categories":[18,15],"tags":[],"class_list":["post-147302","post","type-post","status-publish","format-standard","has-post-thumbnail","hentry","category-educacion","category-salud"],"_links":{"self":[{"href":"https:\/\/vinasfm.com\/noticias\/wp-json\/wp\/v2\/posts\/147302","targetHints":{"allow":["GET"]}}],"collection":[{"href":"https:\/\/vinasfm.com\/noticias\/wp-json\/wp\/v2\/posts"}],"about":[{"href":"https:\/\/vinasfm.com\/noticias\/wp-json\/wp\/v2\/types\/post"}],"author":[{"embeddable":true,"href":"https:\/\/vinasfm.com\/noticias\/wp-json\/wp\/v2\/users\/7"}],"replies":[{"embeddable":true,"href":"https:\/\/vinasfm.com\/noticias\/wp-json\/wp\/v2\/comments?post=147302"}],"version-history":[{"count":1,"href":"https:\/\/vinasfm.com\/noticias\/wp-json\/wp\/v2\/posts\/147302\/revisions"}],"predecessor-version":[{"id":147304,"href":"https:\/\/vinasfm.com\/noticias\/wp-json\/wp\/v2\/posts\/147302\/revisions\/147304"}],"wp:featuredmedia":[{"embeddable":true,"href":"https:\/\/vinasfm.com\/noticias\/wp-json\/wp\/v2\/media\/147303"}],"wp:attachment":[{"href":"https:\/\/vinasfm.com\/noticias\/wp-json\/wp\/v2\/media?parent=147302"}],"wp:term":[{"taxonomy":"category","embeddable":true,"href":"https:\/\/vinasfm.com\/noticias\/wp-json\/wp\/v2\/categories?post=147302"},{"taxonomy":"post_tag","embeddable":true,"href":"https:\/\/vinasfm.com\/noticias\/wp-json\/wp\/v2\/tags?post=147302"}],"curies":[{"name":"wp","href":"https:\/\/api.w.org\/{rel}","templated":true}]}}