{"id":147284,"date":"2025-04-23T12:15:28","date_gmt":"2025-04-23T15:15:28","guid":{"rendered":"https:\/\/vinasfm.com\/noticias\/?p=147284"},"modified":"2025-04-24T10:04:12","modified_gmt":"2025-04-24T13:04:12","slug":"el-director-de-educacion-destaco-la-puesta-en-funcionamiento-del-aula-satelite-en-el-desvio","status":"publish","type":"post","link":"https:\/\/vinasfm.com\/noticias\/el-director-de-educacion-destaco-la-puesta-en-funcionamiento-del-aula-satelite-en-el-desvio\/","title":{"rendered":"EL DIRECTOR DE EDUCACI\u00d3N DESTAC\u00d3 LA PUESTA EN FUNCIONAMIENTO DEL AULA SAT\u00c9LITE EN EL DESV\u00cdO"},"content":{"rendered":"<p class=\"\" data-start=\"164\" data-end=\"576\"><span style=\"color: #003366;\"><strong>La iniciativa surge como respuesta a un pedido sostenido de j\u00f3venes de la zona que buscaban completar sus estudios secundarios sin tener que desplazarse al centro de la ciudad.<\/strong><\/span><\/p>\n<p class=\"\" data-start=\"578\" data-end=\"906\"><em><strong>\u201cFue un trabajo que hicimos en conjunto con el CENS 3-445 &#8216;H\u00e9ctor Dario Ojeda Gatica&#8217;, especialmente con su director, Alejandro Lull, quien ya ven\u00eda trabajando en un proyecto enfocado en esa \u00e1rea. Detectamos una gran necesidad entre los j\u00f3venes que viven all\u00ed, que desde hace a\u00f1os solicitaban una alternativa accesible para terminar el secundario\u201d<\/strong><\/em>, explic\u00f3 Mor\u00e1n.<\/p>\n<p class=\"\" data-start=\"908\" data-end=\"1232\">La propuesta, organizada bajo la modalidad de multiciclo, fue gestionada de manera articulada entre el CENS3-445, la Municipalidad, la supervisi\u00f3n escolar y la direcci\u00f3n de educaci\u00f3n de adultos. <em><strong>\u201cCreemos que esto es un paso importante hacia la igualdad, porque les permite a estos j\u00f3venes estudiar cerca de sus hogares\u201d<\/strong><\/em>, destac\u00f3.<\/p>\n<p class=\"\" data-start=\"1234\" data-end=\"1652\">Actualmente, el aula ya se encuentra en funcionamiento en el edificio de la Escuela N\u00b0 1-246 \u00abGeneral Angel Pacheco\u00bb y cuenta con aproximadamente 30 alumnos, aunque se espera que la matr\u00edcula se eleve a entre 35 y 40 estudiantes. <em><strong>\u201cVer a esos j\u00f3venes hoy ocupando ese espacio educativo nos llena de orgullo. Esto demuestra que cuando trabajamos de forma articulada entre todas las instituciones, se logran cosas concretas que benefician directamente a los vecinos\u201d<\/strong><\/em>, concluy\u00f3 Mor\u00e1n.<\/p>\n<p data-start=\"1234\" data-end=\"1652\"><img decoding=\"async\" src=\"https:\/\/alvearmendoza.gob.ar\/wp-content\/uploads\/2025\/01\/General-Alvear-fortalece-su-Oferta-Educativa-scaled.jpg\" \/><\/p>\n<h6 data-start=\"1234\" data-end=\"1652\">Director de Educaci\u00f3n de General Alvear, Jos\u00e9 Mor\u00e1n.<\/h6>\n<h2 data-start=\"1234\" data-end=\"1652\"><span style=\"color: #000000;\">CONTIN\u00daAN LAS AULAS DE CAPACITACI\u00d3N DE OFICIO<\/span><\/h2>\n<p class=\"\" data-start=\"188\" data-end=\"574\"><span style=\"color: #000000;\">Por otro lado, el director de Educaci\u00f3n brind\u00f3 detalles\u00a0 sobre el crecimiento sostenido de las capacitaciones en oficios que se vienen desarrollando en General Alvear. En este contexto,<strong> destac\u00f3 la llegada de una segunda aula m\u00f3vil al departamento, convirti\u00e9ndose en uno de los pocos en la provincia que cuenta con dos de estas unidades tecnol\u00f3gicas.<\/strong><\/span><\/p>\n<p class=\"\" data-start=\"576\" data-end=\"810\"><span style=\"color: #000000;\"><em><strong>\u201cVenimos trabajando desde el a\u00f1o pasado junto a la Direcci\u00f3n de T\u00e9cnica y Trabajo de la Ciudad de Mendoza. Estas aulas m\u00f3viles llegan completamente equipadas con tecnolog\u00eda de punta para capacitar en distintos oficios\u201d<\/strong><\/em>, explic\u00f3 Mor\u00e1n.<\/span><\/p>\n<p class=\"\" data-start=\"812\" data-end=\"1133\"><span style=\"color: #000000;\">La primera aula, destinada a la capacitaci\u00f3n en refrigeraci\u00f3n, ya finaliz\u00f3 su primer ciclo formativo y se prepara para iniciar el segundo. La novedad es la reciente llegada de una segunda aula m\u00f3vil que incluye simuladores para la formaci\u00f3n en manejo de autoelevadores, tractores, soldadura y reparaci\u00f3n de impresoras 3D.<\/span><\/p>\n<p class=\"\" data-start=\"1135\" data-end=\"1361\"><span style=\"color: #000000;\"><em><strong>\u201cEstos simuladores permiten realizar una formaci\u00f3n te\u00f3rica y pr\u00e1ctica a trav\u00e9s de la simulaci\u00f3n, y estamos gestionando tambi\u00e9n incorporar pr\u00e1cticas reales en conjunto con \u00e1reas como Obras P\u00fablicas del Municipio\u201d<\/strong><\/em>, indic\u00f3 Mor\u00e1n.<\/span><\/p>\n<p class=\"\" data-start=\"1363\" data-end=\"1643\"><span style=\"color: #000000;\">Ambas aulas est\u00e1n ubicadas en el espacio de UGACOOP, y seg\u00fan el director, la experiencia ya est\u00e1 generando un fuerte impacto positivo: <strong><em>\u201cEstamos brindando herramientas reales para que las personas puedan obtener una salida laboral concreta, que es lo que buscan quienes se anotan\u201d.<\/em><\/strong><\/span><\/p>\n<p class=\"\" data-start=\"1645\" data-end=\"1929\"><span style=\"color: #000000;\">Finalmente, Mor\u00e1n anticip\u00f3 que las inscripciones para los nuevos cursos abrir\u00e1n dentro de aproximadamente 10 d\u00edas. En este momento se encuentran convocando docentes y preparando el material did\u00e1ctico necesario. Las personas interesadas podr\u00e1n inscribirse en la Direcci\u00f3n de Educaci\u00f3n.<\/span><\/p>\n<p class=\"\" data-start=\"1931\" data-end=\"2101\"><span style=\"color: #000000;\"><em><strong>\u201cQue tengamos dos aulas m\u00f3viles en el departamento, de un total de ocho que hay en toda la provincia, demuestra que en Alvear se est\u00e1n haciendo bien las cosas\u201d,<\/strong><\/em> concluy\u00f3.<\/span><\/p>\n","protected":false},"excerpt":{"rendered":"<p>La iniciativa surge como respuesta a un pedido sostenido de j\u00f3venes de la zona que buscaban completar sus estudios secundarios sin &#8230;<\/p>\n","protected":false},"author":7,"featured_media":147296,"comment_status":"open","ping_status":"open","sticky":false,"template":"","format":"standard","meta":{"footnotes":""},"categories":[10,18],"tags":[],"class_list":["post-147284","post","type-post","status-publish","format-standard","has-post-thumbnail","hentry","category-destacadas","category-educacion"],"_links":{"self":[{"href":"https:\/\/vinasfm.com\/noticias\/wp-json\/wp\/v2\/posts\/147284","targetHints":{"allow":["GET"]}}],"collection":[{"href":"https:\/\/vinasfm.com\/noticias\/wp-json\/wp\/v2\/posts"}],"about":[{"href":"https:\/\/vinasfm.com\/noticias\/wp-json\/wp\/v2\/types\/post"}],"author":[{"embeddable":true,"href":"https:\/\/vinasfm.com\/noticias\/wp-json\/wp\/v2\/users\/7"}],"replies":[{"embeddable":true,"href":"https:\/\/vinasfm.com\/noticias\/wp-json\/wp\/v2\/comments?post=147284"}],"version-history":[{"count":2,"href":"https:\/\/vinasfm.com\/noticias\/wp-json\/wp\/v2\/posts\/147284\/revisions"}],"predecessor-version":[{"id":147297,"href":"https:\/\/vinasfm.com\/noticias\/wp-json\/wp\/v2\/posts\/147284\/revisions\/147297"}],"wp:featuredmedia":[{"embeddable":true,"href":"https:\/\/vinasfm.com\/noticias\/wp-json\/wp\/v2\/media\/147296"}],"wp:attachment":[{"href":"https:\/\/vinasfm.com\/noticias\/wp-json\/wp\/v2\/media?parent=147284"}],"wp:term":[{"taxonomy":"category","embeddable":true,"href":"https:\/\/vinasfm.com\/noticias\/wp-json\/wp\/v2\/categories?post=147284"},{"taxonomy":"post_tag","embeddable":true,"href":"https:\/\/vinasfm.com\/noticias\/wp-json\/wp\/v2\/tags?post=147284"}],"curies":[{"name":"wp","href":"https:\/\/api.w.org\/{rel}","templated":true}]}}