{"id":147280,"date":"2025-04-23T10:29:54","date_gmt":"2025-04-23T13:29:54","guid":{"rendered":"https:\/\/vinasfm.com\/noticias\/?p=147280"},"modified":"2025-04-23T11:11:17","modified_gmt":"2025-04-23T14:11:17","slug":"mas-detalles-en-la-nota-crece-el-interes-de-chile-por-desarrollar-proyectos-de-cerezas-en-mendoza","status":"publish","type":"post","link":"https:\/\/vinasfm.com\/noticias\/mas-detalles-en-la-nota-crece-el-interes-de-chile-por-desarrollar-proyectos-de-cerezas-en-mendoza\/","title":{"rendered":"CRECE EL INTER\u00c9S DE CHILE POR DESARROLLAR PROYECTOS DE CEREZAS EN MENDOZA"},"content":{"rendered":"<h4><strong><span style=\"color: #003366;\">La provincia particip\u00f3 en el Seminario Internacional de Cerezas Primores en Ovalle, Chile, donde se abrieron nuevas posibilidades de cooperaci\u00f3n e inversi\u00f3n.<\/span><\/strong><\/h4>\n<p><strong>\u201cMendoza aparece como una gran oportunidad.\u201d<\/strong>\u00a0Con esa frase, Alfredo Draque, director de Agricultura de la provincia, resumi\u00f3 el creciente inter\u00e9s de empresas e inversores chilenos por\u00a0<strong>desarrollar proyectos vinculados a la producci\u00f3n de cerezas<\/strong>\u00a0en territorio mendocino de alto valor agregado.<\/p>\n<article class=\"article-body article-body--second-paragraph\">\n<p class=\"\" data-start=\"368\" data-end=\"822\">El dato no es menor:<strong>\u00a0la escasez de agua en el norte de Chile y una incipiente mejora en las condiciones macroecon\u00f3micas de Argentina<\/strong>\u00a0podr\u00edan estar reconfigurando el mapa frut\u00edcola de la regi\u00f3n.<\/p>\n<\/article>\n<article class=\"article-body article-body--third-paragraph\">\n<p class=\"\" data-start=\"824\" data-end=\"1105\"><em><strong>\u201cHoy vemos grandes empresas que est\u00e1n mirando con mucho inter\u00e9s a Mendoza. La disponibilidad de agua en la zona norte de Chile est\u00e1 muy limitada y eso hace que empiecen a evaluar nuevas zonas. Mendoza aparece como una gran oportunidad\u201d<\/strong><\/em>, explic\u00f3 Draque.<\/p>\n<\/article>\n<article class=\"article-body article-body--fourth-paragraph\">\n<p class=\"\" data-start=\"1107\" data-end=\"1558\">El funcionario forma parte de la comitiva mendocina que participa del\u00a0<strong>Cuarto Seminario Internacional de Cerezas Primores<\/strong>, en la ciudad chilena de Ovalle. All\u00ed, explic\u00f3, se han desarrollado reuniones clave con inversores y representantes pol\u00edticos de la regi\u00f3n. <em><strong>\u201cEstamos acompa\u00f1ando a los empresarios, tanto mendocinos como chilenos que quieran invertir en Mendoza. Hubo muy buena recepci\u00f3n, tanto del sector productivo como del arco pol\u00edtico\u201d<\/strong><\/em>, se\u00f1al\u00f3.<\/p>\n<p data-start=\"1107\" data-end=\"1558\"><img decoding=\"async\" src=\"https:\/\/media.losandes.com.ar\/p\/51f95c8085da62e85ea36184281d8b77\/adjuntos\/368\/imagenes\/100\/541\/0100541804\/1000x0\/smart\/a-pesar-la-mejora-los-precios-cada-vez-hay-menos-cerezas.jpg\" alt=\"Cerezas: empresarios de Chile miran el negocio en Argentina. \" \/><\/p>\n<article class=\"article-body article-body--fifth-paragraph\">\n<p class=\"\" data-start=\"1560\" data-end=\"1965\">En ese marco, destac\u00f3 los encuentros con el alcalde de Ovalle, con quien exploraron la posibilidad de establecer sistemas de cooperaci\u00f3n t\u00e9cnica y tecnol\u00f3gica.<strong><em> \u201cPensamos juntos en mecanismos de intercambio que nos permitan sumar conocimiento y capacidades. Por ejemplo, ellos siguen teniendo serios problemas con la mosca del Mediterr\u00e1neo, mientras que nosotros estamos muy avanzados en ese tema\u201d<\/em><\/strong>, afirm\u00f3.<\/p>\n<\/article>\n<article class=\"article-body article-body--third-paragraph\">\n<p class=\"\" data-start=\"1967\" data-end=\"2303\"><strong>La cereza es un cultivo que exige alt\u00edsima tecnificaci\u00f3n<\/strong>, pero que ofrece m\u00e1rgenes de ganancia muy atractivos, sobre todo cuando se logra llegar temprano a los mercados internacionales. Mendoza busca posicionarse precisamente en ese segmento:\u00a0<strong>fruta primicia, con alto valor agregado y est\u00e1ndares sanitarios que abran mercados exigentes.<\/strong><\/p>\n<p class=\"\" data-start=\"2305\" data-end=\"2584\">Por eso, la participaci\u00f3n mendocina en el seminario cobra especial relevancia. <em><strong>\u201cEsta regi\u00f3n de Chile tiene caracter\u00edsticas muy particulares para obtener frutas que salen tempranamente, y eso nos interesa mucho porque en Mendoza tambi\u00e9n estamos trabajando en eso<\/strong><\/em>\u201d, explic\u00f3 Draque.<\/p>\n<p class=\"\" data-start=\"2586\" data-end=\"2974\">La presencia de la provincia en Ovalle se da a semanas de haber celebrado el Cuarto Simposio Internacional de Cereza en Mendoza, donde tambi\u00e9n estuvo presente el\u00a0<strong>Ministerio de Producci\u00f3n, con la participaci\u00f3n activa del ministro Rodolfo Vargas Arizu<\/strong>. \u201cVenimos de trabajar fuerte en el simposio en Mendoza, y hoy estamos aqu\u00ed para continuar generando v\u00ednculos estrat\u00e9gicos\u201d, se\u00f1al\u00f3 Draque.<\/p>\n<\/article>\n<\/article>\n","protected":false},"excerpt":{"rendered":"<p>La provincia particip\u00f3 en el Seminario Internacional de Cerezas Primores en Ovalle, Chile, donde se abrieron nuevas posibilidades de cooperaci\u00f3n e &#8230;<\/p>\n","protected":false},"author":7,"featured_media":147281,"comment_status":"open","ping_status":"open","sticky":false,"template":"","format":"standard","meta":{"footnotes":""},"categories":[1],"tags":[],"class_list":["post-147280","post","type-post","status-publish","format-standard","has-post-thumbnail","hentry","category-fmvinas"],"_links":{"self":[{"href":"https:\/\/vinasfm.com\/noticias\/wp-json\/wp\/v2\/posts\/147280","targetHints":{"allow":["GET"]}}],"collection":[{"href":"https:\/\/vinasfm.com\/noticias\/wp-json\/wp\/v2\/posts"}],"about":[{"href":"https:\/\/vinasfm.com\/noticias\/wp-json\/wp\/v2\/types\/post"}],"author":[{"embeddable":true,"href":"https:\/\/vinasfm.com\/noticias\/wp-json\/wp\/v2\/users\/7"}],"replies":[{"embeddable":true,"href":"https:\/\/vinasfm.com\/noticias\/wp-json\/wp\/v2\/comments?post=147280"}],"version-history":[{"count":3,"href":"https:\/\/vinasfm.com\/noticias\/wp-json\/wp\/v2\/posts\/147280\/revisions"}],"predecessor-version":[{"id":147286,"href":"https:\/\/vinasfm.com\/noticias\/wp-json\/wp\/v2\/posts\/147280\/revisions\/147286"}],"wp:featuredmedia":[{"embeddable":true,"href":"https:\/\/vinasfm.com\/noticias\/wp-json\/wp\/v2\/media\/147281"}],"wp:attachment":[{"href":"https:\/\/vinasfm.com\/noticias\/wp-json\/wp\/v2\/media?parent=147280"}],"wp:term":[{"taxonomy":"category","embeddable":true,"href":"https:\/\/vinasfm.com\/noticias\/wp-json\/wp\/v2\/categories?post=147280"},{"taxonomy":"post_tag","embeddable":true,"href":"https:\/\/vinasfm.com\/noticias\/wp-json\/wp\/v2\/tags?post=147280"}],"curies":[{"name":"wp","href":"https:\/\/api.w.org\/{rel}","templated":true}]}}