{"id":147258,"date":"2025-04-23T08:41:44","date_gmt":"2025-04-23T11:41:44","guid":{"rendered":"https:\/\/vinasfm.com\/noticias\/?p=147258"},"modified":"2025-04-24T08:41:06","modified_gmt":"2025-04-24T11:41:06","slug":"cual-sera-la-funcion-de-la-direccion-de-gestion-y-fiscalizacion-ambiental","status":"publish","type":"post","link":"https:\/\/vinasfm.com\/noticias\/cual-sera-la-funcion-de-la-direccion-de-gestion-y-fiscalizacion-ambiental\/","title":{"rendered":"\u00bfCU\u00c1L SER\u00c1 LA FUNCI\u00d3N DE LA DIRECCI\u00d3N DE GESTI\u00d3N Y FISCALIZACI\u00d3N AMBIENTAL?"},"content":{"rendered":"<h4><span style=\"color: #003366;\">La DGFA nace como un organismo clave para consolidar un modelo de gobernanza ambiental m\u00e1s eficiente y moderno. Integra \u00e1reas estrat\u00e9gicas como Gesti\u00f3n Ambiental, Innovaci\u00f3n, Fiscalizaci\u00f3n, Econom\u00eda Circular y un renovado cuerpo de inspectores.<\/span><\/h4>\n<p>Frente a los desaf\u00edos ambientales actuales y con el objetivo de fortalecer el sistema de control y gesti\u00f3n del ambiente, el <strong>Ministerio de Energ\u00eda<\/strong> y <strong>Ambiente de Mendoza <\/strong>cre\u00f3 la<strong> Direcci\u00f3n de Gesti\u00f3n y Fiscalizaci\u00f3n Ambiental<\/strong><em> (DGFA).<\/em><\/p>\n<p>La DGFA <strong>se convierte as\u00ed en un organismo clave para consolidar un modelo de gobernanza ambiental m\u00e1s eficiente y moderno, en el que el Gobierno de Mendoza trabaja de forma constante junto a municipios, organizaciones y privados.<\/strong><\/p>\n<p>La misma integra \u00e1reas estrat\u00e9gicas como <strong>Gesti\u00f3n Ambiental, Innovaci\u00f3n, Fiscalizaci\u00f3n, Econom\u00eda Circular<\/strong> y un renovado cuerpo de inspectores, lo que permitir\u00e1 un control m\u00e1s preciso, territorialmente adaptado y alineado con las prioridades de la provincia.<\/p>\n<p><em><strong>\u201cEste cambio responde a la necesidad de actualizar una estructura con m\u00e1s de 30 a\u00f1os de antig\u00fcedad, adapt\u00e1ndola a las nuevas demandas de sostenibilidad, bienestar social y desarrollo econ\u00f3mico arm\u00f3nico con la mejora y el cuidado ambiental\u201d<\/strong><\/em>, se\u00f1al\u00f3 la <em>subsecretaria de Ambiente<\/em>, <span style=\"color: #003366;\"><strong>Nuria Ojeda<\/strong><\/span>.<\/p>\n<p><em><strong>\u201cLa direcci\u00f3n incorporar\u00e1 nuevas funciones, con m\u00e1s \u00e1reas, que posteriormente vamos a especificar con resoluciones que informaran los alcances y los trabajos propios de cada \u00e1rea\u201d<\/strong><\/em>, destac\u00f3 el <em>director de Gesti\u00f3n y Fiscalizaci\u00f3n Ambiental<\/em>,<span style=\"color: #003366;\"><strong> Leonardo Fern\u00e1ndez<\/strong><\/span>.<\/p>\n<p>A su vez, se\u00f1al\u00f3 que con este cambio <em><strong>\u201cse busca optimizar procesos de control, monitoreo y mejora continua en los procedimientos de fiscalizaci\u00f3n. Adem\u00e1s, se pretende adecuar el desarrollo de la gesti\u00f3n, en l\u00ednea con las demandas que hoy enfrenta la provincia en cuanto a tecnolog\u00edas, proyectos y procedimientos ambientales, adem\u00e1s del crecimiento de nuevas industrias\u201d.<\/strong><\/em><\/p>\n<p>Por \u00faltimo, la <em>Subsecretaria de Ambiente<\/em>, <span style=\"color: #003366;\"><strong>Nuria Ojeda<\/strong><\/span>, hizo hincapi\u00e9 en que uno de los objetivos <em><strong>\u201ces generar conocimiento y articularlo entre municipios y organismos provinciales, unificando criterios. Por eso vamos a incluir \u00e1reas como econom\u00eda circular, industrias extractivas, afectaci\u00f3n al recurso h\u00eddrico y el desarrollo de la parte de innovaci\u00f3n en proyectos\u201d.<\/strong><\/em><\/p>\n<h2><strong>La consolidaci\u00f3n de un nuevo paradigma<\/strong><\/h2>\n<p>La creaci\u00f3n de la DGFA representa un paso fundamental en la consolidaci\u00f3n de un nuevo paradigma ambiental en Mendoza. <em><strong>\u201cEsta configuraci\u00f3n permitir\u00e1 un control m\u00e1s preciso, territorialmente adaptado y alineado con las prioridades ambientales de la provincia\u201d<\/strong><\/em>, agreg\u00f3 Ojeda.<\/p>\n<p>Con esta decisi\u00f3n, el Gobierno de Mendoza refuerza su compromiso con una gesti\u00f3n ambiental moderna, t\u00e9cnica y eficiente, en consonancia con los programas que est\u00e1 implementando para bajar las emisiones, optimizar los residuos y su tratamiento e implementar procesos que configuren una provincia sostenible y resiliente.<\/p>\n<h3><strong>Funciones principales de la Direcci\u00f3n de Fiscalizaci\u00f3n y Gesti\u00f3n Ambiental<\/strong><\/h3>\n<ul>\n<li>Evaluar ambientalmente obras y\/o actividades p\u00fablicas y privadas conforme a la Ley N\u00b0 5961 y sus normas reglamentarias (Decretos 2109\/94, 437\/93, 820\/06), y dem\u00e1s normativa aplicable.<\/li>\n<li>Implementar herramientas de gesti\u00f3n ambiental que aseguren el cumplimiento normativo y fomenten la mejora continua.<\/li>\n<li>Fiscalizar y monitorear actividades en sus \u00e1reas de competencia, garantizando una supervisi\u00f3n ambiental eficiente a trav\u00e9s del cuerpo de Inspectores Ambientales.<\/li>\n<li>Atender y tratar denuncias relacionadas con impactos negativos en el ambiente.<\/li>\n<li>Promover la capacitaci\u00f3n t\u00e9cnica, la articulaci\u00f3n institucional y el desarrollo de proyectos estrat\u00e9gicos enfocados en sostenibilidad y econom\u00eda circular.<\/li>\n<li>Emitir y hacer seguimiento de permisos ambientales en sectores industriales, extractivos, energ\u00e9ticos y sanitarios.<\/li>\n<\/ul>\n<figure class=\"wp-block-gallery columns-1\">\n<ul class=\"blocks-gallery-grid\">\n<li class=\"blocks-gallery-item\"><\/li>\n<\/ul>\n<\/figure>\n","protected":false},"excerpt":{"rendered":"<p>La DGFA nace como un organismo clave para consolidar un modelo de gobernanza ambiental m\u00e1s eficiente y moderno. Integra \u00e1reas estrat\u00e9gicas &#8230;<\/p>\n","protected":false},"author":7,"featured_media":147259,"comment_status":"open","ping_status":"open","sticky":false,"template":"","format":"standard","meta":{"footnotes":""},"categories":[5,10],"tags":[],"class_list":["post-147258","post","type-post","status-publish","format-standard","has-post-thumbnail","hentry","category-actualidad","category-destacadas"],"_links":{"self":[{"href":"https:\/\/vinasfm.com\/noticias\/wp-json\/wp\/v2\/posts\/147258","targetHints":{"allow":["GET"]}}],"collection":[{"href":"https:\/\/vinasfm.com\/noticias\/wp-json\/wp\/v2\/posts"}],"about":[{"href":"https:\/\/vinasfm.com\/noticias\/wp-json\/wp\/v2\/types\/post"}],"author":[{"embeddable":true,"href":"https:\/\/vinasfm.com\/noticias\/wp-json\/wp\/v2\/users\/7"}],"replies":[{"embeddable":true,"href":"https:\/\/vinasfm.com\/noticias\/wp-json\/wp\/v2\/comments?post=147258"}],"version-history":[{"count":1,"href":"https:\/\/vinasfm.com\/noticias\/wp-json\/wp\/v2\/posts\/147258\/revisions"}],"predecessor-version":[{"id":147260,"href":"https:\/\/vinasfm.com\/noticias\/wp-json\/wp\/v2\/posts\/147258\/revisions\/147260"}],"wp:featuredmedia":[{"embeddable":true,"href":"https:\/\/vinasfm.com\/noticias\/wp-json\/wp\/v2\/media\/147259"}],"wp:attachment":[{"href":"https:\/\/vinasfm.com\/noticias\/wp-json\/wp\/v2\/media?parent=147258"}],"wp:term":[{"taxonomy":"category","embeddable":true,"href":"https:\/\/vinasfm.com\/noticias\/wp-json\/wp\/v2\/categories?post=147258"},{"taxonomy":"post_tag","embeddable":true,"href":"https:\/\/vinasfm.com\/noticias\/wp-json\/wp\/v2\/tags?post=147258"}],"curies":[{"name":"wp","href":"https:\/\/api.w.org\/{rel}","templated":true}]}}