{"id":147251,"date":"2025-04-23T08:16:10","date_gmt":"2025-04-23T11:16:10","guid":{"rendered":"https:\/\/vinasfm.com\/noticias\/?p=147251"},"modified":"2025-04-24T08:42:00","modified_gmt":"2025-04-24T11:42:00","slug":"25-anos-de-musica-clasica-por-los-caminos-del-vino-balance-de-una-edicion-que-hizo-historia","status":"publish","type":"post","link":"https:\/\/vinasfm.com\/noticias\/25-anos-de-musica-clasica-por-los-caminos-del-vino-balance-de-una-edicion-que-hizo-historia\/","title":{"rendered":"25 A\u00d1OS DE M\u00daSICA CL\u00c1SICA POR LOS CAMINOS DEL VINO: BALANCE DE UNA EDICI\u00d3N QUE HIZO HISTORIA"},"content":{"rendered":"<h4><span style=\"color: #003366;\">Culmin\u00f3 uno de los eventos culturales m\u00e1s importantes de la regi\u00f3n. Durante nueve d\u00edas, se desarroll\u00f3 en toda la provincia y, con gran \u00e9xito, tuvieron lugar conciertos en San Juan, San Luis y, por primera vez, el festival lleg\u00f3 a Chile.<\/span><\/h4>\n<p>El festival <strong>M\u00fascia Cl\u00e1sica por los Caminos del Vino<\/strong> es organizado por el<strong> Gobierno de Mendoza<\/strong>, a trav\u00e9s de la <strong>Subsecretar\u00eda de Cultura<\/strong>, dependiente del <strong>Ministerio de Educaci\u00f3n, Cultura, Infancias y DGE<\/strong>, en conjunto con todos los municipios de la provincia y el sector privado y tiene como objetivo difundir el g\u00e9nero, en escenarios de todo el territorio.<\/p>\n<p>A lo largo de los a\u00f1os, se consolid\u00f3 como uno de los encuentros culturales m\u00e1s importantes de Mendoza, recorriendo teatros, iglesias, museos, bodegas, parques, reservas naturales y vi\u00f1edos de toda la provincia.<\/p>\n<p><strong>La presente edici\u00f3n rindi\u00f3 homenaje al 5\u00b0 centenario del nacimiento de Giovanni Pierluigi da Palestrina y 340\u00b0 aniversario del nacimiento de Johann Sebastian Bach y Georg Friedrich H\u00e4ndel.<\/strong><\/p>\n<p>El cl\u00e1sico festival de oto\u00f1o, que este a\u00f1o cumpli\u00f3 su 25 aniversario desde su creaci\u00f3n, permiti\u00f3 conocer a prestigiosos m\u00fasicos mendocinos e invitados, quienes ofrecieron un variado repertorio de cl\u00e1sicos universales, expresado a trav\u00e9s del talento de nuestros artistas.<\/p>\n<p>Es importante destacar que, en cada edici\u00f3n,<strong> los artistas que participan son seleccionados a trav\u00e9s de una convocatoria p\u00fablica y abierta, presidida por un jurado id\u00f3neo integrado por referentes del sector.<\/strong> De esta manera, numerosos m\u00fasicos locales tienen la posibilidad de mostrar su talento y virtuosismo en escenarios de gran visibilidad.<\/p>\n<p>Esta edici\u00f3n volvi\u00f3 a poner en valor su car\u00e1cter solidario mediante el <strong>canje de entradas por leche en polvo, destinada a la Fundaci\u00f3n del Banco de Alimentos Mendoza.<\/strong><\/p>\n<h2><strong>Los n\u00fameros del festival:<\/strong><\/h2>\n<ul>\n<li>\u00a066 conciertos de m\u00fasica cl\u00e1sica<\/li>\n<li>27 conciertos en municipios<\/li>\n<li>2.400 paquetes de de leche de 800 kgs. (equivalentes a 72.000 desayunos)<\/li>\n<li>30.000 personas de p\u00fablico asistente<\/li>\n<\/ul>\n<h2><img decoding=\"async\" class=\"aligncenter\" src=\"https:\/\/www.mendoza.gov.ar\/wp-content\/uploads\/sites\/5\/2025\/04\/Vivaldi-Electrophonico-1-1-700x467.jpg\" \/><\/h2>\n<h2><strong>Conciertos fuera de la provincia<\/strong><\/h2>\n<p>Sin dudas, M\u00fasica Cl\u00e1sica por los Caminos del Vino es un programa cultural que permite posicionar a nuestra provincia como uno de los lugares m\u00e1s elegidos para Semana Santa. As\u00ed, <strong>mendocinos y turistas tienen la posibilidad de apreciar artistas vinculados con el mundo de la m\u00fasica cl\u00e1sica y los disfrutan de manera especial, como el valor agregado de conocer entornos \u00fanicos como bodegas, espacios culturales, parroquias y reservas naturales.<\/strong><\/p>\n<p>Es importante destacar que, una vez m\u00e1s, <strong>el festival abarc\u00f3 la regi\u00f3n de Cuyo, ya que San Juan y San Luis fueron parte de la programaci\u00f3n y, por primera vez, se sum\u00f3 la Rep\u00fablica de Chile, con un concierto en la localidad de Casablanca, comuna ubicada en la provincia de Valpara\u00edso.<\/strong> Demostr\u00f3 una vez m\u00e1s que es un festival que crece a\u00f1o a a\u00f1o y contin\u00faa generando expectativas en el p\u00fablico.<\/p>\n","protected":false},"excerpt":{"rendered":"<p>Culmin\u00f3 uno de los eventos culturales m\u00e1s importantes de la regi\u00f3n. Durante nueve d\u00edas, se desarroll\u00f3 en toda la provincia y, &#8230;<\/p>\n","protected":false},"author":7,"featured_media":147252,"comment_status":"open","ping_status":"open","sticky":false,"template":"","format":"standard","meta":{"footnotes":""},"categories":[19,21],"tags":[],"class_list":["post-147251","post","type-post","status-publish","format-standard","has-post-thumbnail","hentry","category-cultura","category-turismo-2"],"_links":{"self":[{"href":"https:\/\/vinasfm.com\/noticias\/wp-json\/wp\/v2\/posts\/147251","targetHints":{"allow":["GET"]}}],"collection":[{"href":"https:\/\/vinasfm.com\/noticias\/wp-json\/wp\/v2\/posts"}],"about":[{"href":"https:\/\/vinasfm.com\/noticias\/wp-json\/wp\/v2\/types\/post"}],"author":[{"embeddable":true,"href":"https:\/\/vinasfm.com\/noticias\/wp-json\/wp\/v2\/users\/7"}],"replies":[{"embeddable":true,"href":"https:\/\/vinasfm.com\/noticias\/wp-json\/wp\/v2\/comments?post=147251"}],"version-history":[{"count":1,"href":"https:\/\/vinasfm.com\/noticias\/wp-json\/wp\/v2\/posts\/147251\/revisions"}],"predecessor-version":[{"id":147253,"href":"https:\/\/vinasfm.com\/noticias\/wp-json\/wp\/v2\/posts\/147251\/revisions\/147253"}],"wp:featuredmedia":[{"embeddable":true,"href":"https:\/\/vinasfm.com\/noticias\/wp-json\/wp\/v2\/media\/147252"}],"wp:attachment":[{"href":"https:\/\/vinasfm.com\/noticias\/wp-json\/wp\/v2\/media?parent=147251"}],"wp:term":[{"taxonomy":"category","embeddable":true,"href":"https:\/\/vinasfm.com\/noticias\/wp-json\/wp\/v2\/categories?post=147251"},{"taxonomy":"post_tag","embeddable":true,"href":"https:\/\/vinasfm.com\/noticias\/wp-json\/wp\/v2\/tags?post=147251"}],"curies":[{"name":"wp","href":"https:\/\/api.w.org\/{rel}","templated":true}]}}