{"id":147238,"date":"2025-04-22T12:02:01","date_gmt":"2025-04-22T15:02:01","guid":{"rendered":"https:\/\/vinasfm.com\/noticias\/?p=147238"},"modified":"2025-04-23T10:03:20","modified_gmt":"2025-04-23T13:03:20","slug":"conmovedor-gesto-de-gendarmeria-contuvieron-a-un-nino-perdido-hasta-que-se-reencontro-con-su-madre","status":"publish","type":"post","link":"https:\/\/vinasfm.com\/noticias\/conmovedor-gesto-de-gendarmeria-contuvieron-a-un-nino-perdido-hasta-que-se-reencontro-con-su-madre\/","title":{"rendered":"CONMOVEDOR GESTO DE GENDARMER\u00cdA: CONTUVIERON A UN NI\u00d1O PERDIDO HASTA QUE SE REENCONTR\u00d3 CON SU MADRE"},"content":{"rendered":"<h4>Gendarmes advirtieron la presencia de un menor que lloraba y necesitaba ayuda, le brindaron contenci\u00f3n y activaron el protocolo de actuaciones hasta que se reencontr\u00f3 con su madre.<\/h4>\n<p>Una patrulla de\u00a0<strong>gendarmes\u00a0<\/strong>protegi\u00f3 a un\u00a0<strong>ni\u00f1o\u00a0<\/strong>de 8 a\u00f1os<strong>\u00a0<\/strong>que estaba perdido en\u00a0<strong>General Alvear\u00a0<\/strong>y le brind\u00f3 contenci\u00f3n hasta que pudo reencontrarse con su madre.<\/p>\n<p>Pasadas las 19.50 del lunes, en la intersecci\u00f3n de Av. Libertador Sur e Intendente Morales, en <strong>General Alvear<\/strong>, personal de la\u00a0Secci\u00f3n Reforzada \u201cSan Rafael\u201d\u00a0dependiente del\u00a0Escuadr\u00f3n 29 \u201cMalarg\u00fce\u201d\u00a0constataron que hab\u00eda un menor\u00a0perdido que necesitaba ayuda.<\/p>\n<p>Inmediatamente se procedi\u00f3 a activar el protocolo de actuaciones ante el hallazgo con vida de ni\u00f1os, ni\u00f1as y adolescentes, emanado por el Ministerio de Seguridad Nacional.<\/p>\n<p><img decoding=\"async\" src=\"https:\/\/www.mdzol.com\/u\/fotografias\/m\/2025\/4\/22\/f768x1-1739698_1739825_5050.jpg\" \/><\/p>\n<p>R\u00e1pidamente, se resguard\u00f3 el lugar, se contuvo al menor, y se dio intervenci\u00f3n a integrantes de la Polic\u00eda provincial, quienes se contactaron con la Fiscal\u00eda de Instrucci\u00f3n de\u00a0<strong>Alvear\u00a0<\/strong>y el Equipo T\u00e9cnico Interdisciplinario (ETI).<\/p>\n<p>M\u00e1s tarde, se hizo presente la madre del nene, a la que se le solicit\u00f3 la documentaci\u00f3n pertinente. Luego, la Justicia dispuso hacer entrega del menor a la progenitora mediante acta.<\/p>\n","protected":false},"excerpt":{"rendered":"<p>Gendarmes advirtieron la presencia de un menor que lloraba y necesitaba ayuda, le brindaron contenci\u00f3n y activaron el protocolo de actuaciones &#8230;<\/p>\n","protected":false},"author":7,"featured_media":147239,"comment_status":"open","ping_status":"open","sticky":false,"template":"","format":"standard","meta":{"footnotes":""},"categories":[10,11],"tags":[],"class_list":["post-147238","post","type-post","status-publish","format-standard","has-post-thumbnail","hentry","category-destacadas","category-sociales"],"_links":{"self":[{"href":"https:\/\/vinasfm.com\/noticias\/wp-json\/wp\/v2\/posts\/147238","targetHints":{"allow":["GET"]}}],"collection":[{"href":"https:\/\/vinasfm.com\/noticias\/wp-json\/wp\/v2\/posts"}],"about":[{"href":"https:\/\/vinasfm.com\/noticias\/wp-json\/wp\/v2\/types\/post"}],"author":[{"embeddable":true,"href":"https:\/\/vinasfm.com\/noticias\/wp-json\/wp\/v2\/users\/7"}],"replies":[{"embeddable":true,"href":"https:\/\/vinasfm.com\/noticias\/wp-json\/wp\/v2\/comments?post=147238"}],"version-history":[{"count":4,"href":"https:\/\/vinasfm.com\/noticias\/wp-json\/wp\/v2\/posts\/147238\/revisions"}],"predecessor-version":[{"id":147243,"href":"https:\/\/vinasfm.com\/noticias\/wp-json\/wp\/v2\/posts\/147238\/revisions\/147243"}],"wp:featuredmedia":[{"embeddable":true,"href":"https:\/\/vinasfm.com\/noticias\/wp-json\/wp\/v2\/media\/147239"}],"wp:attachment":[{"href":"https:\/\/vinasfm.com\/noticias\/wp-json\/wp\/v2\/media?parent=147238"}],"wp:term":[{"taxonomy":"category","embeddable":true,"href":"https:\/\/vinasfm.com\/noticias\/wp-json\/wp\/v2\/categories?post=147238"},{"taxonomy":"post_tag","embeddable":true,"href":"https:\/\/vinasfm.com\/noticias\/wp-json\/wp\/v2\/tags?post=147238"}],"curies":[{"name":"wp","href":"https:\/\/api.w.org\/{rel}","templated":true}]}}