{"id":147229,"date":"2025-04-22T11:05:36","date_gmt":"2025-04-22T14:05:36","guid":{"rendered":"https:\/\/vinasfm.com\/noticias\/?p=147229"},"modified":"2025-04-23T10:05:13","modified_gmt":"2025-04-23T13:05:13","slug":"la-ministra-mercedes-rus-denuncio-a-un-abogado-que-instigaba-a-los-presos-a-no-entregar-los-celulares","status":"publish","type":"post","link":"https:\/\/vinasfm.com\/noticias\/la-ministra-mercedes-rus-denuncio-a-un-abogado-que-instigaba-a-los-presos-a-no-entregar-los-celulares\/","title":{"rendered":"LA MINISTRA MERCEDES RUS DENUNCI\u00d3 A UN ABOGADO QUE INSTIGABA A LOS PRESOS A NO ENTREGAR LOS CELULARES"},"content":{"rendered":"<h4>La ministra de Seguridad apunt\u00f3 contra el abogado Santiago Nieto, luego de que se difundiera un audio suyo alentando a los presos a no dar sus celulares.<\/h4>\n<article class=\"article-body first\">\n<div class=\"article-content\">\n<div class=\"cuerpo\" data-twitter-link=\"\">\n<p>La ministra de Seguridad,\u00a0<span style=\"color: #003366;\"><strong>Mercedes Rus<\/strong><\/span>, est\u00e1 decidida a dar todas las batallas para extinguir los\u00a0<strong>celulares<\/strong>\u00a0de las\u00a0<strong>c\u00e1rceles mendocinas<\/strong>. No s\u00f3lo inst\u00f3 a apelar el fallo del juez Sebasti\u00e1n Sarmiento que hab\u00eda puesto freno al secuestro de celulares en los penales, sino que tambi\u00e9n denunci\u00f3 a un\u00a0<strong>abogado\u00a0<\/strong>que hizo correr un audio instando a los presos a no entregar sus tel\u00e9fonos.<\/p>\n<\/div>\n<\/div>\n<\/article>\n<article class=\"article-body\">\n<div class=\"article-content\">\n<div class=\"cuerpo\" data-twitter-link=\"\">\n<p>Lo hizo ante el Colegio de Abogados, y apunt\u00f3 contra<strong>\u00a0<span style=\"color: #003366;\">Santiago Nieto<\/span><\/strong>, identificado como<em> abogado de la Asociaci\u00f3n Verdad y Justicia.<\/em><\/p>\n<p>Seg\u00fan la denuncia de la funcionaria, el Sistema Penitenciario tom\u00f3 conocimiento de que entre los presos circulaba un audio de WhatsApp en el que el letrado afirmaba que <em><strong>\u00abno hay facultad leg\u00edtima de los funcionarios que autorice a\u00a0retirar los celulares\u00bb<\/strong> <\/em>y les aconseja mantenerse firmes en la postura de no entregar sus<strong>\u00a0tel\u00e9fonos<\/strong>.<\/p>\n<\/div>\n<\/div>\n<\/article>\n<article class=\"article-body third-p\">\n<div class=\"article-content\">\n<div class=\"cuerpo\" data-twitter-link=\"\">\n<p>En su denuncia, Rus define ese concejo como <em><strong>\u00abirresponsable y temerario\u00bb<\/strong><\/em>, ya que advierte que puede generar situaciones de escalada de\u00a0<strong>violencia<\/strong>\u00a0institucional.<\/p>\n<p>La ministra advierte la gravedad de la instigaci\u00f3n del abogado, en el marco en que el Gobierno sigui\u00f3 secuestrando\u00a0<strong>celulares en las c\u00e1rceles<\/strong>\u00a0atentos a la habilitaci\u00f3n legal que les da la norma 8.465 de plena vigencia en la provincia.<\/p>\n<\/div>\n<\/div>\n<\/article>\n","protected":false},"excerpt":{"rendered":"<p>La ministra de Seguridad apunt\u00f3 contra el abogado Santiago Nieto, luego de que se difundiera un audio suyo alentando a los &#8230;<\/p>\n","protected":false},"author":7,"featured_media":147230,"comment_status":"open","ping_status":"open","sticky":false,"template":"","format":"standard","meta":{"footnotes":""},"categories":[22,33],"tags":[],"class_list":["post-147229","post","type-post","status-publish","format-standard","has-post-thumbnail","hentry","category-justicia","category-seguridad"],"_links":{"self":[{"href":"https:\/\/vinasfm.com\/noticias\/wp-json\/wp\/v2\/posts\/147229","targetHints":{"allow":["GET"]}}],"collection":[{"href":"https:\/\/vinasfm.com\/noticias\/wp-json\/wp\/v2\/posts"}],"about":[{"href":"https:\/\/vinasfm.com\/noticias\/wp-json\/wp\/v2\/types\/post"}],"author":[{"embeddable":true,"href":"https:\/\/vinasfm.com\/noticias\/wp-json\/wp\/v2\/users\/7"}],"replies":[{"embeddable":true,"href":"https:\/\/vinasfm.com\/noticias\/wp-json\/wp\/v2\/comments?post=147229"}],"version-history":[{"count":2,"href":"https:\/\/vinasfm.com\/noticias\/wp-json\/wp\/v2\/posts\/147229\/revisions"}],"predecessor-version":[{"id":147232,"href":"https:\/\/vinasfm.com\/noticias\/wp-json\/wp\/v2\/posts\/147229\/revisions\/147232"}],"wp:featuredmedia":[{"embeddable":true,"href":"https:\/\/vinasfm.com\/noticias\/wp-json\/wp\/v2\/media\/147230"}],"wp:attachment":[{"href":"https:\/\/vinasfm.com\/noticias\/wp-json\/wp\/v2\/media?parent=147229"}],"wp:term":[{"taxonomy":"category","embeddable":true,"href":"https:\/\/vinasfm.com\/noticias\/wp-json\/wp\/v2\/categories?post=147229"},{"taxonomy":"post_tag","embeddable":true,"href":"https:\/\/vinasfm.com\/noticias\/wp-json\/wp\/v2\/tags?post=147229"}],"curies":[{"name":"wp","href":"https:\/\/api.w.org\/{rel}","templated":true}]}}