{"id":147220,"date":"2025-04-22T10:10:03","date_gmt":"2025-04-22T13:10:03","guid":{"rendered":"https:\/\/vinasfm.com\/noticias\/?p=147220"},"modified":"2025-04-22T10:10:03","modified_gmt":"2025-04-22T13:10:03","slug":"robo-en-ruta-188-delincuentes-sustrajeron-distintas-pertenencias-del-interior-de-un-camion","status":"publish","type":"post","link":"https:\/\/vinasfm.com\/noticias\/robo-en-ruta-188-delincuentes-sustrajeron-distintas-pertenencias-del-interior-de-un-camion\/","title":{"rendered":"ROBO EN RUTA 188: DELINCUENTES SUSTRAJERON DISTINTAS PERTENENCIAS DEL INTERIOR DE UN CAMI\u00d3N"},"content":{"rendered":"<h4 data-sourcepos=\"3:1-3:250\">Un nuevo hecho delictivo tuvo lugar en la noche del lunes, cuando desconocidos sustrajeron pertenencias del interior de un cami\u00f3n estacionado sobre la Ruta Nacional 188.<\/h4>\n<p data-sourcepos=\"5:1-5:289\">Seg\u00fan la denuncia radicada en la Comisar\u00eda 14\u00b0, la v\u00edctima, identificada como A.R., de 52 a\u00f1os, relat\u00f3 que <strong>alrededor de las 21:00 hs descendi\u00f3 de su cami\u00f3n en una playa de estacionamiento ubicada a la vera de la mencionada ruta para utilizar las instalaciones sanitarias.<\/strong><\/p>\n<p data-sourcepos=\"7:1-7:319\">Al regresar al veh\u00edculo, el damnificado<strong> not\u00f3 papeles del rodado esparcidos a pocos metros.<\/strong> Tras inspeccionar el interior del cami\u00f3n, <strong>constat\u00f3 la falta de un bolso negro con detalles rojos que conten\u00eda ropa de trabajo de la marca Anjor, as\u00ed como una mochila de colores gris y naranja que guardaba documentaci\u00f3n personal.<\/strong><\/p>\n<p data-sourcepos=\"9:1-9:254\"><strong>Las autoridades policiales se encuentran investigando el hecho para dar con los responsables y recuperar los elementos sustra\u00eddos.<\/strong> Se solicita a cualquier persona que pueda aportar informaci\u00f3n relevante comunicarse con la Comisar\u00eda 14\u00b0 de General Alvear.<\/p>\n","protected":false},"excerpt":{"rendered":"<p>Un nuevo hecho delictivo tuvo lugar en la noche del lunes, cuando desconocidos sustrajeron pertenencias del interior de un cami\u00f3n estacionado &#8230;<\/p>\n","protected":false},"author":7,"featured_media":147222,"comment_status":"open","ping_status":"open","sticky":false,"template":"","format":"standard","meta":{"footnotes":""},"categories":[1],"tags":[],"class_list":["post-147220","post","type-post","status-publish","format-standard","has-post-thumbnail","hentry","category-fmvinas"],"_links":{"self":[{"href":"https:\/\/vinasfm.com\/noticias\/wp-json\/wp\/v2\/posts\/147220","targetHints":{"allow":["GET"]}}],"collection":[{"href":"https:\/\/vinasfm.com\/noticias\/wp-json\/wp\/v2\/posts"}],"about":[{"href":"https:\/\/vinasfm.com\/noticias\/wp-json\/wp\/v2\/types\/post"}],"author":[{"embeddable":true,"href":"https:\/\/vinasfm.com\/noticias\/wp-json\/wp\/v2\/users\/7"}],"replies":[{"embeddable":true,"href":"https:\/\/vinasfm.com\/noticias\/wp-json\/wp\/v2\/comments?post=147220"}],"version-history":[{"count":2,"href":"https:\/\/vinasfm.com\/noticias\/wp-json\/wp\/v2\/posts\/147220\/revisions"}],"predecessor-version":[{"id":147224,"href":"https:\/\/vinasfm.com\/noticias\/wp-json\/wp\/v2\/posts\/147220\/revisions\/147224"}],"wp:featuredmedia":[{"embeddable":true,"href":"https:\/\/vinasfm.com\/noticias\/wp-json\/wp\/v2\/media\/147222"}],"wp:attachment":[{"href":"https:\/\/vinasfm.com\/noticias\/wp-json\/wp\/v2\/media?parent=147220"}],"wp:term":[{"taxonomy":"category","embeddable":true,"href":"https:\/\/vinasfm.com\/noticias\/wp-json\/wp\/v2\/categories?post=147220"},{"taxonomy":"post_tag","embeddable":true,"href":"https:\/\/vinasfm.com\/noticias\/wp-json\/wp\/v2\/tags?post=147220"}],"curies":[{"name":"wp","href":"https:\/\/api.w.org\/{rel}","templated":true}]}}