{"id":147212,"date":"2025-04-22T09:58:25","date_gmt":"2025-04-22T12:58:25","guid":{"rendered":"https:\/\/vinasfm.com\/noticias\/?p=147212"},"modified":"2025-04-23T08:26:48","modified_gmt":"2025-04-23T11:26:48","slug":"el-museo-salvador-calafat-fue-el-escenario-de-una-informativa-charla-sobre-los-pueblos-originarios","status":"publish","type":"post","link":"https:\/\/vinasfm.com\/noticias\/el-museo-salvador-calafat-fue-el-escenario-de-una-informativa-charla-sobre-los-pueblos-originarios\/","title":{"rendered":"EL MUSEO SALVADOR CALAFAT FUE EL ESCENARIO DE UNA INFORMATIVA CHARLA SOBRE LOS PUEBLOS ORIGINARIOS"},"content":{"rendered":"<h4><span style=\"color: #003366;\">En la ma\u00f1ana del lunes, el Museo Salvador Calafat fue el escenario de una enriquecedora charla titulada <em>\u201cDescubre los secretos ancestrales del sur de Mendoza\u201d<\/em>, a cargo de la investigadora del CONICET, Nuria Sugra\u00f1es. Este evento marc\u00f3 el inicio de una serie de actividades dedicadas a la difusi\u00f3n del conocimiento sobre los pueblos originarios de la regi\u00f3n.<\/span><\/h4>\n<p><span style=\"color: #003366;\"><strong>Sergio Sendra<\/strong><\/span>, <em>coordinador del museo<\/em>, destac\u00f3 la relevancia de la charla:<em><strong> \u201cEn la ma\u00f1ana de hoy hemos tenido aqu\u00ed, en la Sala Alejo Abutcov del Museo Salvador Calafat, la primera de las dos charlas destinadas a los pueblos originarios que brind\u00f3 la doctora Nuria Sugra\u00f1es. Ella viene desde el CONICET de San Rafael y entendemos que es fundamental abordar no solo temas relacionados con los pueblos originarios, sino tambi\u00e9n otros aspectos vinculados a nuestra regi\u00f3n\u201d<\/strong>. Sendra inform\u00f3 que el evento estuvo abierto al p\u00fablico y cont\u00f3 con la participaci\u00f3n de estudiantes de escuelas secundarias, docentes y personas interesadas en el tema.<\/em><\/p>\n<p>Por su parte,<span style=\"color: #003366;\"><strong> Nuria Sugra\u00f1es<\/strong><\/span> explic\u00f3 que su presentaci\u00f3n se centr\u00f3 en el poblamiento del sur de Mendoza.<em><strong> \u201cLa charla estuvo orientada a c\u00f3mo fue el poblamiento y c\u00f3mo se fueron asentando las comunidades. Esta es solo la primera parte; m\u00e1s adelante abordaremos las poblaciones originarias m\u00e1s hist\u00f3ricas de nuestra regi\u00f3n\u201d<\/strong><\/em>, coment\u00f3.<\/p>\n<p>Sugra\u00f1es, quien es arque\u00f3loga y forma parte del Instituto de Evoluci\u00f3n, Ecolog\u00eda Hist\u00f3rica y Ambiente en San Rafael, enfatiz\u00f3 el enfoque arqueol\u00f3gico de su trabajo: <em><strong>\u201cNuestro estudio se basa en investigaciones realizadas durante los \u00faltimos 20 o 30 a\u00f1os. A partir de materiales arqueol\u00f3gicos que encontramos, contamos c\u00f3mo se ocup\u00f3 el territorio. Es un proceso continuo; seguimos trabajando con sitios previamente estudiados y buscamos nuevos hallazgos que nos permitan actualizar nuestra informaci\u00f3n\u201d.<\/strong><\/em><\/p>\n<p>La investigadora tambi\u00e9n destac\u00f3 la participaci\u00f3n activa del p\u00fablico: \u201cLos asistentes, incluidos muchos estudiantes de secundaria, mostraron un gran inter\u00e9s. Es fundamental contarles la historia de Mendoza y su significado. La verdad es que recib\u00ed una respuesta muy positiva por parte del p\u00fablico\u201d.<\/p>\n","protected":false},"excerpt":{"rendered":"<p>En la ma\u00f1ana del lunes, el Museo Salvador Calafat fue el escenario de una enriquecedora charla titulada \u201cDescubre los secretos ancestrales &#8230;<\/p>\n","protected":false},"author":7,"featured_media":147215,"comment_status":"open","ping_status":"open","sticky":false,"template":"","format":"standard","meta":{"footnotes":""},"categories":[19,18],"tags":[],"class_list":["post-147212","post","type-post","status-publish","format-standard","has-post-thumbnail","hentry","category-cultura","category-educacion"],"_links":{"self":[{"href":"https:\/\/vinasfm.com\/noticias\/wp-json\/wp\/v2\/posts\/147212","targetHints":{"allow":["GET"]}}],"collection":[{"href":"https:\/\/vinasfm.com\/noticias\/wp-json\/wp\/v2\/posts"}],"about":[{"href":"https:\/\/vinasfm.com\/noticias\/wp-json\/wp\/v2\/types\/post"}],"author":[{"embeddable":true,"href":"https:\/\/vinasfm.com\/noticias\/wp-json\/wp\/v2\/users\/7"}],"replies":[{"embeddable":true,"href":"https:\/\/vinasfm.com\/noticias\/wp-json\/wp\/v2\/comments?post=147212"}],"version-history":[{"count":1,"href":"https:\/\/vinasfm.com\/noticias\/wp-json\/wp\/v2\/posts\/147212\/revisions"}],"predecessor-version":[{"id":147216,"href":"https:\/\/vinasfm.com\/noticias\/wp-json\/wp\/v2\/posts\/147212\/revisions\/147216"}],"wp:featuredmedia":[{"embeddable":true,"href":"https:\/\/vinasfm.com\/noticias\/wp-json\/wp\/v2\/media\/147215"}],"wp:attachment":[{"href":"https:\/\/vinasfm.com\/noticias\/wp-json\/wp\/v2\/media?parent=147212"}],"wp:term":[{"taxonomy":"category","embeddable":true,"href":"https:\/\/vinasfm.com\/noticias\/wp-json\/wp\/v2\/categories?post=147212"},{"taxonomy":"post_tag","embeddable":true,"href":"https:\/\/vinasfm.com\/noticias\/wp-json\/wp\/v2\/tags?post=147212"}],"curies":[{"name":"wp","href":"https:\/\/api.w.org\/{rel}","templated":true}]}}