{"id":147203,"date":"2025-04-22T08:20:29","date_gmt":"2025-04-22T11:20:29","guid":{"rendered":"https:\/\/vinasfm.com\/noticias\/?p=147203"},"modified":"2025-04-23T08:28:30","modified_gmt":"2025-04-23T11:28:30","slug":"fallecimiento-del-papa-francisco-el-gobierno-de-mendoza-decreto-duelo-provincial-por-siete-dias","status":"publish","type":"post","link":"https:\/\/vinasfm.com\/noticias\/fallecimiento-del-papa-francisco-el-gobierno-de-mendoza-decreto-duelo-provincial-por-siete-dias\/","title":{"rendered":"FALLECIMIENTO DEL PAPA FRANCISCO: EL GOBIERNO DE MENDOZA DECRET\u00d3 DUELO PROVINCIAL POR SIETE D\u00cdAS"},"content":{"rendered":"<h4><strong><span style=\"color: #003366;\">El Ejecutivo provincial adhiere de esta manera al duelo nacional dispuesto por el Gobierno de la Naci\u00f3n en homenaje al primer Papa latinoamericano.<\/span><\/strong><\/h4>\n<p>Mediante el\u00a0<a href=\"https:\/\/boe.mendoza.gov.ar\/publico\/pdf_pedido\/05c3704ed4351da41831e9cbd13bdd6fad2f140538\" target=\"_blank\" rel=\"noreferrer noopener\" data-type=\"URL\" data-id=\"https:\/\/boe.mendoza.gov.ar\/publico\/pdf_pedido\/05c3704ed4351da41831e9cbd13bdd6fad2f140538\">Decreto 791<\/a>, el <span style=\"color: #003366;\"><strong>Gobernador Alfredo Cornejo<\/strong><\/span> declar\u00f3 duelo provincial por el t\u00e9rmino de siete d\u00edas, en adhesi\u00f3n a la medida nacional por el fallecimiento del sumo pont\u00edfice Francisco I.<\/p>\n<p>El texto, que ser\u00e1 publicado en el\u00a0<em><a href=\"https:\/\/www.mendoza.gov.ar\/boletinoficial\/\" target=\"_blank\" rel=\"noreferrer noopener\" data-type=\"URL\" data-id=\"https:\/\/www.mendoza.gov.ar\/boletinoficial\/\">Bolet\u00edn Oficial<\/a><\/em>, establece que <strong>las banderas nacional y provincial deber\u00e1n permanecer izadas a media asta en todos los edificios de la administraci\u00f3n p\u00fablica provincial hasta las 24 horas del 27 de abril de 2025.<\/strong><\/p>\n<p>Cabe aclarar que el decreto no implica asueto administrativo ni suspensi\u00f3n de actividades en el \u00e1mbito provincial.<\/p>\n<p>Asimismo, se invita al Poder Legislativo, al Poder Judicial y a los gobiernos municipales de Mendoza a adherir a la medida.<\/p>\n","protected":false},"excerpt":{"rendered":"<p>El Ejecutivo provincial adhiere de esta manera al duelo nacional dispuesto por el Gobierno de la Naci\u00f3n en homenaje al primer &#8230;<\/p>\n","protected":false},"author":7,"featured_media":119408,"comment_status":"open","ping_status":"open","sticky":false,"template":"","format":"standard","meta":{"footnotes":""},"categories":[10,77],"tags":[],"class_list":["post-147203","post","type-post","status-publish","format-standard","has-post-thumbnail","hentry","category-destacadas","category-gobierno"],"_links":{"self":[{"href":"https:\/\/vinasfm.com\/noticias\/wp-json\/wp\/v2\/posts\/147203","targetHints":{"allow":["GET"]}}],"collection":[{"href":"https:\/\/vinasfm.com\/noticias\/wp-json\/wp\/v2\/posts"}],"about":[{"href":"https:\/\/vinasfm.com\/noticias\/wp-json\/wp\/v2\/types\/post"}],"author":[{"embeddable":true,"href":"https:\/\/vinasfm.com\/noticias\/wp-json\/wp\/v2\/users\/7"}],"replies":[{"embeddable":true,"href":"https:\/\/vinasfm.com\/noticias\/wp-json\/wp\/v2\/comments?post=147203"}],"version-history":[{"count":1,"href":"https:\/\/vinasfm.com\/noticias\/wp-json\/wp\/v2\/posts\/147203\/revisions"}],"predecessor-version":[{"id":147204,"href":"https:\/\/vinasfm.com\/noticias\/wp-json\/wp\/v2\/posts\/147203\/revisions\/147204"}],"wp:featuredmedia":[{"embeddable":true,"href":"https:\/\/vinasfm.com\/noticias\/wp-json\/wp\/v2\/media\/119408"}],"wp:attachment":[{"href":"https:\/\/vinasfm.com\/noticias\/wp-json\/wp\/v2\/media?parent=147203"}],"wp:term":[{"taxonomy":"category","embeddable":true,"href":"https:\/\/vinasfm.com\/noticias\/wp-json\/wp\/v2\/categories?post=147203"},{"taxonomy":"post_tag","embeddable":true,"href":"https:\/\/vinasfm.com\/noticias\/wp-json\/wp\/v2\/tags?post=147203"}],"curies":[{"name":"wp","href":"https:\/\/api.w.org\/{rel}","templated":true}]}}