{"id":147196,"date":"2025-04-22T08:13:03","date_gmt":"2025-04-22T11:13:03","guid":{"rendered":"https:\/\/vinasfm.com\/noticias\/?p=147196"},"modified":"2025-04-22T10:18:51","modified_gmt":"2025-04-22T13:18:51","slug":"exito-total-en-el-festival-aniversario-de-la-delegacion-gral-alvear-de-la-federacion-gaucha-de-mendoza","status":"publish","type":"post","link":"https:\/\/vinasfm.com\/noticias\/exito-total-en-el-festival-aniversario-de-la-delegacion-gral-alvear-de-la-federacion-gaucha-de-mendoza\/","title":{"rendered":"\u00c9XITO TOTAL EN EL FESTIVAL ANIVERSARIO DE LA DELEGACI\u00d3N GRAL. ALVEAR DE LA FEDERACI\u00d3N GAUCHA DE MENDOZA"},"content":{"rendered":"<h4 data-start=\"195\" data-end=\"498\"><span style=\"color: #003366;\">Con gran marco de p\u00fablico y un clima de celebraci\u00f3n, el pasado domingo 20 de abril se llev\u00f3 a cabo con total \u00e9xito el <strong data-start=\"353\" data-end=\"407\">Festival Aniversario de la Delegaci\u00f3n alvearense <\/strong>de la <strong data-start=\"414\" data-end=\"446\">Federaci\u00f3n Gaucha de Mendoza<\/strong>, en su tradicional predio ubicado en calle \u00ab8 y O\u00bb.<\/span><\/h4>\n<p class=\"\" data-start=\"500\" data-end=\"926\"><span style=\"color: #000000;\">El evento ofreci\u00f3 un destacado espect\u00e1culo de <strong data-start=\"546\" data-end=\"568\">destrezas criollas<\/strong>, donde jinetes de todas las edades demostraron su habilidad y pasi\u00f3n por las tradiciones gauchas. Adem\u00e1s, esta jornada tuvo un valor especial al tratarse de la <strong data-start=\"729\" data-end=\"770\">tercera y \u00faltima fecha clasificatoria<\/strong> rumbo al <strong data-start=\"780\" data-end=\"824\">4\u00ba Torneo Nacional de Destrezas Criollas<\/strong>, que se enmarca dentro de la <strong data-start=\"854\" data-end=\"880\">Fiesta de la Ganader\u00eda<\/strong>, en homenaje a <strong data-start=\"896\" data-end=\"925\">Domingo \u201cPitulo\u201d Aguilera<\/strong>.<\/span><\/p>\n<p class=\"\" data-start=\"928\" data-end=\"1230\"><span style=\"color: #000000;\">Con la finalizaci\u00f3n de esta etapa clasificatoria, todas las miradas ya est\u00e1n puestas en la <strong data-start=\"1019\" data-end=\"1044\">gran final del torneo<\/strong>, que se disputar\u00e1 el <strong data-start=\"1066\" data-end=\"1087\">s\u00e1bado 10 de mayo<\/strong>, desde las 09:00 horas y durante toda la jornada, en el <strong data-start=\"1144\" data-end=\"1161\">predio ferial ubicado en Ruta 188 y Calle 7<\/strong>, en el marco de los festejos oficiales de la Fiesta de la Ganader\u00eda.<\/span><\/p>\n<p class=\"\" data-start=\"1232\" data-end=\"1661\"><span style=\"color: #000000;\">Durante el festival, las competencias en las categor\u00edas <strong data-start=\"1288\" data-end=\"1309\">Mayores y Menores<\/strong> se desarrollaron con entusiasmo y un notable nivel t\u00e9cnico, seguidas muy de cerca por un p\u00fablico que no escatim\u00f3 en aplausos y aliento para los binomios participantes. La jornada concluy\u00f3 con la publicaci\u00f3n de los resultados de cada una de las carreras, completando as\u00ed una fecha memorable para la familia gaucha y los amantes de nuestras tradiciones.<\/span><\/p>\n<h4 data-start=\"1232\" data-end=\"1661\"><span style=\"color: #000000;\">GANADORES POR CATEGOR\u00cdA<\/span><\/h4>\n<p><a href=\"https:\/\/vinasfm.com\/noticias\/wp-content\/uploads\/2025\/04\/Imagen-de-WhatsApp-2025-04-21-a-las-13.32.58_28208de1.jpg\"><img loading=\"lazy\" decoding=\"async\" class=\"alignnone wp-image-147197 size-large\" src=\"https:\/\/vinasfm.com\/noticias\/wp-content\/uploads\/2025\/04\/Imagen-de-WhatsApp-2025-04-21-a-las-13.32.58_28208de1-768x1024.jpg\" alt=\"\" width=\"768\" height=\"1024\" srcset=\"https:\/\/vinasfm.com\/noticias\/wp-content\/uploads\/2025\/04\/Imagen-de-WhatsApp-2025-04-21-a-las-13.32.58_28208de1-768x1024.jpg 768w, https:\/\/vinasfm.com\/noticias\/wp-content\/uploads\/2025\/04\/Imagen-de-WhatsApp-2025-04-21-a-las-13.32.58_28208de1-225x300.jpg 225w, https:\/\/vinasfm.com\/noticias\/wp-content\/uploads\/2025\/04\/Imagen-de-WhatsApp-2025-04-21-a-las-13.32.58_28208de1-1152x1536.jpg 1152w, https:\/\/vinasfm.com\/noticias\/wp-content\/uploads\/2025\/04\/Imagen-de-WhatsApp-2025-04-21-a-las-13.32.58_28208de1.jpg 1200w\" sizes=\"auto, (max-width: 768px) 100vw, 768px\" \/><\/a><\/p>\n<p class=\"\" data-start=\"1663\" data-end=\"1775\"><span style=\"color: #000000;\">Pr\u00f3ximamente se dar\u00e1n a conocer los nombres de los finalistas clasificados para la gran definici\u00f3n del certamen.<\/span><\/p>\n","protected":false},"excerpt":{"rendered":"<p>Con gran marco de p\u00fablico y un clima de celebraci\u00f3n, el pasado domingo 20 de abril se llev\u00f3 a cabo con &#8230;<\/p>\n","protected":false},"author":7,"featured_media":147198,"comment_status":"open","ping_status":"open","sticky":false,"template":"","format":"standard","meta":{"footnotes":""},"categories":[5,10],"tags":[],"class_list":["post-147196","post","type-post","status-publish","format-standard","has-post-thumbnail","hentry","category-actualidad","category-destacadas"],"_links":{"self":[{"href":"https:\/\/vinasfm.com\/noticias\/wp-json\/wp\/v2\/posts\/147196","targetHints":{"allow":["GET"]}}],"collection":[{"href":"https:\/\/vinasfm.com\/noticias\/wp-json\/wp\/v2\/posts"}],"about":[{"href":"https:\/\/vinasfm.com\/noticias\/wp-json\/wp\/v2\/types\/post"}],"author":[{"embeddable":true,"href":"https:\/\/vinasfm.com\/noticias\/wp-json\/wp\/v2\/users\/7"}],"replies":[{"embeddable":true,"href":"https:\/\/vinasfm.com\/noticias\/wp-json\/wp\/v2\/comments?post=147196"}],"version-history":[{"count":1,"href":"https:\/\/vinasfm.com\/noticias\/wp-json\/wp\/v2\/posts\/147196\/revisions"}],"predecessor-version":[{"id":147199,"href":"https:\/\/vinasfm.com\/noticias\/wp-json\/wp\/v2\/posts\/147196\/revisions\/147199"}],"wp:featuredmedia":[{"embeddable":true,"href":"https:\/\/vinasfm.com\/noticias\/wp-json\/wp\/v2\/media\/147198"}],"wp:attachment":[{"href":"https:\/\/vinasfm.com\/noticias\/wp-json\/wp\/v2\/media?parent=147196"}],"wp:term":[{"taxonomy":"category","embeddable":true,"href":"https:\/\/vinasfm.com\/noticias\/wp-json\/wp\/v2\/categories?post=147196"},{"taxonomy":"post_tag","embeddable":true,"href":"https:\/\/vinasfm.com\/noticias\/wp-json\/wp\/v2\/tags?post=147196"}],"curies":[{"name":"wp","href":"https:\/\/api.w.org\/{rel}","templated":true}]}}