{"id":147183,"date":"2025-04-21T11:55:47","date_gmt":"2025-04-21T14:55:47","guid":{"rendered":"https:\/\/vinasfm.com\/noticias\/?p=147183"},"modified":"2025-04-22T08:21:30","modified_gmt":"2025-04-22T11:21:30","slug":"sele-vera-estara-en-el-escenario-mayor-de-la-fiesta-de-la-ganaderia","status":"publish","type":"post","link":"https:\/\/vinasfm.com\/noticias\/sele-vera-estara-en-el-escenario-mayor-de-la-fiesta-de-la-ganaderia\/","title":{"rendered":"LA SELE VERA ESTAR\u00c1 EN EL ESCENARIO MAYOR DE LA FIESTA DE LA GANADER\u00cdA"},"content":{"rendered":"<h4><span style=\"color: #003366;\">Llega una nueva edici\u00f3n de Fiesta Nacional de la Ganader\u00eda de Zonas \u00c1ridas con una propuesta tan diversa como convocante: cuatro noches de Pe\u00f1a con artistas de renombre nacional y la presencia destacada de Sele Vera.<\/span><\/h4>\n<p><span style=\"color: #000000;\">La m\u00fasica y el folclore se fusionar\u00e1n con los costillares m\u00e1s famosos del pa\u00eds en un Almuerzo Tradicional que re\u00fane a las principales figuras pol\u00edticas y referentes del sector productivo nacional y provincial; y uno de los festivales ecuestres m\u00e1s importantes del oeste argentino como cierre.<\/span><\/p>\n<p><strong><span style=\"color: #000000;\">M\u00e1s de 250 stands comerciales, industriales, artesanales y agropecuarios ser\u00e1n parte de una expo que crece a\u00f1o tras a\u00f1o.<\/span><\/strong><\/p>\n<p><span style=\"color: #000000;\">Organizada por la <strong>C\u00e1mara de Comercio de General Alvear<\/strong>, la fiesta<strong> se desarrollar\u00e1 del 7 al 11 de mayo en el predio ubicado en Ruta Nacional 188 y calle 7, en la que no faltar\u00e1n las jornadas t\u00e9cnicas con la participaci\u00f3n de importantes especialistas entre los que se encuentra el economista y empresario pyme Gustavo \u201cLacha\u201d Lazzari.<\/strong><\/span><\/p>\n<p><span style=\"color: #000000;\">Adem\u00e1s, productores de todo el pa\u00eds se congregar\u00e1n en el remate de hacienda, habr\u00e1\u00a0 eventos culturales como los Cuentos de Fog\u00f3n, visitas guiadas con m\u00e1s de 6.000 estudiantes de escuelas de toda la provincia y un conjunto de actividades sociales que forman parte del amplio cronograma.<\/span><\/p>\n<p><img decoding=\"async\" src=\"https:\/\/i0.wp.com\/fiestadelaganaderialvear.com.ar\/wp-content\/uploads\/2025\/04\/4913647289516535473.jpg?resize=800%2C533&amp;ssl=1\" \/><\/p>\n<h2><span style=\"color: #000000;\"><strong>Sele Vera, folklore y fiesta total: as\u00ed ser\u00e1n las noches de Pe\u00f1a<\/strong><\/span><\/h2>\n<p><span style=\"color: #000000;\">Uno de los anuncios que el p\u00fablico espera en la previa del evento m\u00e1s grande del oeste argentino es el artistario de la Pe\u00f1a de la Fiesta, un formato que desde que se implemento tuvo una gran aceptaci\u00f3n y que este a\u00f1o va a contar con una propuesta diferencial para el d\u00eda s\u00e1bado.<\/span><\/p>\n<p><span style=\"color: #000000;\">N\u00fameros como Algarroba.com, Los Caldenes, Cantores del Alba, Franco Massignani, y Labriegos (entre muchos otros) conformar\u00e1n la grilla de los d\u00edas mi\u00e9rcoles, jueves y viernes.<\/span><\/p>\n<p><span style=\"color: #000000;\">Para el s\u00e1bado, vuelve una nueva edici\u00f3n de la Fiesta de la Fiesta. Una noche distinta\u00a0 con la presencia de Los Mendukos, la m\u00fasica de DJ Parecid2 y la presencia estelar de Sele Vera.<\/span><\/p>\n<p><span style=\"color: #000000;\">\u201cEste a\u00f1o trabajamos en el armado de Aperturas distintas para todas las noches, con una gran puesta en escena. Mantenemos el formato de Pe\u00f1a para las primeras tres noches, mezclando el repertorio con grupos que renombre nacional y regional y sus respectivos estilos. Para el s\u00e1bado, quisimos modificar la forma en la que se llevar\u00e1 a cabo, sin mesas, con dos Djs y barra para el resto de la noche\u201d explic\u00f3 el presidente de la C\u00e1mara Joven, Gonzalo Marcolini.<\/span><\/p>\n<p><span style=\"color: #000000;\">Las entradas saldr\u00e1n a la venta este martes 22 de abril, tanto en la sede de la C\u00e1mara de Comercio en Paso de los Andes 525 de Alvear, como as\u00ed tambi\u00e9n v\u00eda WhatsApp al 2625-529163. Los precios de las generales ser\u00e1n los siguientes: mi\u00e9rcoles $10.000, jueves y viernes $15.000 y para el s\u00e1bado $20.000.<\/span><\/p>\n","protected":false},"excerpt":{"rendered":"<p>Llega una nueva edici\u00f3n de Fiesta Nacional de la Ganader\u00eda de Zonas \u00c1ridas con una propuesta tan diversa como convocante: cuatro &#8230;<\/p>\n","protected":false},"author":7,"featured_media":147184,"comment_status":"open","ping_status":"open","sticky":false,"template":"","format":"standard","meta":{"footnotes":""},"categories":[1],"tags":[],"class_list":["post-147183","post","type-post","status-publish","format-standard","has-post-thumbnail","hentry","category-fmvinas"],"_links":{"self":[{"href":"https:\/\/vinasfm.com\/noticias\/wp-json\/wp\/v2\/posts\/147183","targetHints":{"allow":["GET"]}}],"collection":[{"href":"https:\/\/vinasfm.com\/noticias\/wp-json\/wp\/v2\/posts"}],"about":[{"href":"https:\/\/vinasfm.com\/noticias\/wp-json\/wp\/v2\/types\/post"}],"author":[{"embeddable":true,"href":"https:\/\/vinasfm.com\/noticias\/wp-json\/wp\/v2\/users\/7"}],"replies":[{"embeddable":true,"href":"https:\/\/vinasfm.com\/noticias\/wp-json\/wp\/v2\/comments?post=147183"}],"version-history":[{"count":3,"href":"https:\/\/vinasfm.com\/noticias\/wp-json\/wp\/v2\/posts\/147183\/revisions"}],"predecessor-version":[{"id":147205,"href":"https:\/\/vinasfm.com\/noticias\/wp-json\/wp\/v2\/posts\/147183\/revisions\/147205"}],"wp:featuredmedia":[{"embeddable":true,"href":"https:\/\/vinasfm.com\/noticias\/wp-json\/wp\/v2\/media\/147184"}],"wp:attachment":[{"href":"https:\/\/vinasfm.com\/noticias\/wp-json\/wp\/v2\/media?parent=147183"}],"wp:term":[{"taxonomy":"category","embeddable":true,"href":"https:\/\/vinasfm.com\/noticias\/wp-json\/wp\/v2\/categories?post=147183"},{"taxonomy":"post_tag","embeddable":true,"href":"https:\/\/vinasfm.com\/noticias\/wp-json\/wp\/v2\/tags?post=147183"}],"curies":[{"name":"wp","href":"https:\/\/api.w.org\/{rel}","templated":true}]}}