{"id":147178,"date":"2025-04-21T11:42:38","date_gmt":"2025-04-21T14:42:38","guid":{"rendered":"https:\/\/vinasfm.com\/noticias\/?p=147178"},"modified":"2025-04-22T10:19:33","modified_gmt":"2025-04-22T13:19:33","slug":"horacio-valdivia-sobre-el-papa-francisco-reconocio-una-necesidad-de-actualizacion-y-reforma-en-la-iglesia","status":"publish","type":"post","link":"https:\/\/vinasfm.com\/noticias\/horacio-valdivia-sobre-el-papa-francisco-reconocio-una-necesidad-de-actualizacion-y-reforma-en-la-iglesia\/","title":{"rendered":"HORACIO VALDIVIA SOBRE EL PAPA FRANCISCO: \u00abRECONOCI\u00d3 UNA NECESIDAD DE ACTUALIZACI\u00d3N Y REFORMA EN LA IGLESIA\u00bb"},"content":{"rendered":"<h4>La Di\u00f3cesis de San Rafael, a trav\u00e9s de su P\u00e1rroco y Vicario de la Di\u00f3cesis de San Rafael, se refiri\u00f3 al fallecimiento Papa Francisco, ocurrido en Roma en la madrugada de este lunes, y destac\u00f3 su impacto en la religi\u00f3n y sociedad.<\/h4>\n<p><em><strong>\u00abConociamos sobre el deterioro de su salud, aunque en los\u00faltimos d\u00edas hab\u00eda presentado ulguna evoluci\u00f3n\u00bb<\/strong><\/em>, expres\u00f3 el PadreValdivia en di\u00e1logo con <span style=\"color: #800080;\"><strong>FM VI\u00d1AS<\/strong><\/span>, quien destac\u00f3 la reciente aparici\u00f3n del Sumo Pont\u00edfice en silla de ruedas durante el Domingo de Ramos.<\/p>\n<p>Ante esta noticia, el <span style=\"color: #003366;\"><strong>Monse\u00f1or Marcelo Mazzitelli<\/strong><\/span>, <em>Administrador Diocesano<\/em>, ha convocado a la comunidad a una oraci\u00f3n especial en la Catedral de San Rafael. La invitaci\u00f3n se extiende a autoridades civiles y a todos los fieles para rezar por el eterno descanso del Papa Francisco y agradecer su ministerio.<\/p>\n<p>Valdivia resalt\u00f3 el impacto transformador del Papa Francisco en la Iglesia, se\u00f1alando que <strong>su pontificado respondi\u00f3 a una necesidad de actualizaci\u00f3n y reforma<\/strong> solicitada por los cardenales. <em><strong>\u00ab\u00c9l siempre dijo, desde el inicio de su pontificado, que todo lo que iba a hacer en la Iglesia era lo que le hab\u00edan pedido los cardenales que hiciera\u00bb<\/strong><\/em>, afirm\u00f3.<\/p>\n<p>Entre los hitos del Papa Francisco, destac\u00f3 su nombre, evocando a San Francisco de As\u00eds y <strong>su mensaje de pobreza, fraternidad y cuidado de la naturaleza.<\/strong> Tambi\u00e9n record\u00f3 que <strong>fue el primer Papa jesuita, el primer Papa latinoamericano y el primer Papa argentino<\/strong>, lo que represent\u00f3 un orgullo para el pa\u00eds. Adem\u00e1s, resalt\u00f3 su cercan\u00eda a las periferias del mundo, su \u00e9nfasis en los m\u00e1s pobres y su llamado a la paz y la fraternidad.<\/p>\n<p><em><strong>\u00abEl Papa Francisco fue como una respuesta a una necesidad que hab\u00eda en la Iglesia. Sus acciones no se trataban solo de una cuesti\u00f3n personal, reconoci\u00f3 una necesidad de actualizaci\u00f3n y reforma en muchos aspectos de la Iglesia\u00bb<\/strong><\/em>, remarc\u00f3 finalmente Valdivia.<\/p>\n<p>El legado del Papa Francisco, marcado por su sencillez, su compromiso con los marginados y su llamado a la paz, seguramente influir\u00e1 en el pr\u00f3ximo c\u00f3nclave, donde los cardenales elegir\u00e1n a su sucesor.<\/p>\n","protected":false},"excerpt":{"rendered":"<p>La Di\u00f3cesis de San Rafael, a trav\u00e9s de su P\u00e1rroco y Vicario de la Di\u00f3cesis de San Rafael, se refiri\u00f3 al &#8230;<\/p>\n","protected":false},"author":7,"featured_media":147181,"comment_status":"open","ping_status":"open","sticky":false,"template":"","format":"standard","meta":{"footnotes":""},"categories":[10,63],"tags":[],"class_list":["post-147178","post","type-post","status-publish","format-standard","has-post-thumbnail","hentry","category-destacadas","category-iglesia"],"_links":{"self":[{"href":"https:\/\/vinasfm.com\/noticias\/wp-json\/wp\/v2\/posts\/147178","targetHints":{"allow":["GET"]}}],"collection":[{"href":"https:\/\/vinasfm.com\/noticias\/wp-json\/wp\/v2\/posts"}],"about":[{"href":"https:\/\/vinasfm.com\/noticias\/wp-json\/wp\/v2\/types\/post"}],"author":[{"embeddable":true,"href":"https:\/\/vinasfm.com\/noticias\/wp-json\/wp\/v2\/users\/7"}],"replies":[{"embeddable":true,"href":"https:\/\/vinasfm.com\/noticias\/wp-json\/wp\/v2\/comments?post=147178"}],"version-history":[{"count":2,"href":"https:\/\/vinasfm.com\/noticias\/wp-json\/wp\/v2\/posts\/147178\/revisions"}],"predecessor-version":[{"id":147182,"href":"https:\/\/vinasfm.com\/noticias\/wp-json\/wp\/v2\/posts\/147178\/revisions\/147182"}],"wp:featuredmedia":[{"embeddable":true,"href":"https:\/\/vinasfm.com\/noticias\/wp-json\/wp\/v2\/media\/147181"}],"wp:attachment":[{"href":"https:\/\/vinasfm.com\/noticias\/wp-json\/wp\/v2\/media?parent=147178"}],"wp:term":[{"taxonomy":"category","embeddable":true,"href":"https:\/\/vinasfm.com\/noticias\/wp-json\/wp\/v2\/categories?post=147178"},{"taxonomy":"post_tag","embeddable":true,"href":"https:\/\/vinasfm.com\/noticias\/wp-json\/wp\/v2\/tags?post=147178"}],"curies":[{"name":"wp","href":"https:\/\/api.w.org\/{rel}","templated":true}]}}