{"id":147174,"date":"2025-04-21T11:19:09","date_gmt":"2025-04-21T14:19:09","guid":{"rendered":"https:\/\/vinasfm.com\/noticias\/?p=147174"},"modified":"2025-04-22T08:22:17","modified_gmt":"2025-04-22T11:22:17","slug":"celebramos-las-diferencias-alvear-vivio-una-jornada-de-inclusion-y-conciencia","status":"publish","type":"post","link":"https:\/\/vinasfm.com\/noticias\/celebramos-las-diferencias-alvear-vivio-una-jornada-de-inclusion-y-conciencia\/","title":{"rendered":"CELEBRAMOS LAS DIFERENCIAS: ALVEAR VIVI\u00d3 UNA JORNADA DE INCLUSI\u00d3N Y CONCIENCIA"},"content":{"rendered":"<h4><span style=\"color: #003366;\">Este fin de semana se vivi\u00f3 en General Alvear el encuentro: \u201cCelebremos las Diferencias\u201d, una iniciativa impulsada por la Fundaci\u00f3n que lleva el mismo nombre y que cont\u00f3 con el acompa\u00f1amiento del municipio. <\/span><\/h4>\n<p>El encuentro tuvo como eje central la inclusi\u00f3n, la empat\u00eda y la visibilizaci\u00f3n de las personas con discapacidad, a trav\u00e9s de actividades recreativas, deportivas y motivacionales.<\/p>\n<p><strong><span style=\"color: #003366;\">Viviana Lima<\/span><\/strong>, <em>Asesora de Discapacidad<\/em>, destac\u00f3 la importancia de este tipo de propuestas: <strong><em>\u201cesta actividad tiene una particularidad especial porque nace desde la Fundaci\u00f3n Celebremos las Diferencias y la municipalidad actu\u00f3 como colaboradora. Es maravilloso poder visibilizar y hacer posibles estos encuentros, porque ayudan a fortalecer el aspecto psicol\u00f3gico y emocional de las personas\u201d.<\/em><\/strong><\/p>\n<p>La jornada incluy\u00f3 juegos did\u00e1cticos, actividades recreativas adaptadas y charlas motivacionales, que no solo contaron con la participaci\u00f3n de personas con discapacidad, sino tambi\u00e9n de familias y vecinos de la comunidad. Uno de los momentos m\u00e1s destacados fue la presencia de atletas paral\u00edmpicas del seleccionado argentino de nataci\u00f3n, lo que gener\u00f3 gran entusiasmo entre los presentes.<\/p>\n<p><strong><span style=\"color: #003366;\">\u00c1ngel Barzola<\/span><\/strong>, <em>integrante de la Fundaci\u00f3n Celebremos las Diferencias<\/em>, comparti\u00f3 su emoci\u00f3n: <em><strong>\u201cSe logr\u00f3 concientizar a muchos chicos, traer un evento as\u00ed a Alvear es algo enorme. Tuvimos a deportistas que normalmente vemos por televisi\u00f3n y hoy estuvieron ac\u00e1. Eso motiva much\u00edsimo\u201d.<\/strong><\/em><\/p>\n<p>La jornada culmin\u00f3 con intervenciones de profesionales que trabajaron no solo con los ni\u00f1os, sino tambi\u00e9n con sus familias. El impacto fue tan positivo que muchos asistentes ya comenzaron a plantear la posibilidad de replicar el evento en otras localidades y provincias.<em><strong> \u201cGeneral Alvear fue el puntapi\u00e9 inicial para una movida de inclusi\u00f3n que ojal\u00e1 crezca en todo el pa\u00eds\u201d<\/strong><\/em>, concluy\u00f3 Barzola.<\/p>\n<p>Celebremos las Diferencias, dej\u00f3 un mensaje claro: la diversidad nos enriquece y la inclusi\u00f3n se construye compartiendo, aprendiendo y valorando lo que cada persona tiene para aportar.<\/p>\n","protected":false},"excerpt":{"rendered":"<p>Este fin de semana se vivi\u00f3 en General Alvear el encuentro: \u201cCelebremos las Diferencias\u201d, una iniciativa impulsada por la Fundaci\u00f3n que &#8230;<\/p>\n","protected":false},"author":7,"featured_media":147176,"comment_status":"open","ping_status":"open","sticky":false,"template":"","format":"standard","meta":{"footnotes":""},"categories":[10,11],"tags":[],"class_list":["post-147174","post","type-post","status-publish","format-standard","has-post-thumbnail","hentry","category-destacadas","category-sociales"],"_links":{"self":[{"href":"https:\/\/vinasfm.com\/noticias\/wp-json\/wp\/v2\/posts\/147174","targetHints":{"allow":["GET"]}}],"collection":[{"href":"https:\/\/vinasfm.com\/noticias\/wp-json\/wp\/v2\/posts"}],"about":[{"href":"https:\/\/vinasfm.com\/noticias\/wp-json\/wp\/v2\/types\/post"}],"author":[{"embeddable":true,"href":"https:\/\/vinasfm.com\/noticias\/wp-json\/wp\/v2\/users\/7"}],"replies":[{"embeddable":true,"href":"https:\/\/vinasfm.com\/noticias\/wp-json\/wp\/v2\/comments?post=147174"}],"version-history":[{"count":1,"href":"https:\/\/vinasfm.com\/noticias\/wp-json\/wp\/v2\/posts\/147174\/revisions"}],"predecessor-version":[{"id":147177,"href":"https:\/\/vinasfm.com\/noticias\/wp-json\/wp\/v2\/posts\/147174\/revisions\/147177"}],"wp:featuredmedia":[{"embeddable":true,"href":"https:\/\/vinasfm.com\/noticias\/wp-json\/wp\/v2\/media\/147176"}],"wp:attachment":[{"href":"https:\/\/vinasfm.com\/noticias\/wp-json\/wp\/v2\/media?parent=147174"}],"wp:term":[{"taxonomy":"category","embeddable":true,"href":"https:\/\/vinasfm.com\/noticias\/wp-json\/wp\/v2\/categories?post=147174"},{"taxonomy":"post_tag","embeddable":true,"href":"https:\/\/vinasfm.com\/noticias\/wp-json\/wp\/v2\/tags?post=147174"}],"curies":[{"name":"wp","href":"https:\/\/api.w.org\/{rel}","templated":true}]}}