{"id":147171,"date":"2025-04-22T09:26:18","date_gmt":"2025-04-22T12:26:18","guid":{"rendered":"https:\/\/vinasfm.com\/noticias\/?p=147171"},"modified":"2025-04-23T08:27:39","modified_gmt":"2025-04-23T11:27:39","slug":"cambio-de-autoridades-en-la-camara-de-comercio-de-malargue-gabriel-ginart-es-el-nuevo-presidente","status":"publish","type":"post","link":"https:\/\/vinasfm.com\/noticias\/cambio-de-autoridades-en-la-camara-de-comercio-de-malargue-gabriel-ginart-es-el-nuevo-presidente\/","title":{"rendered":"CAMBIO DE AUTORIDADES EN LA C\u00c1MARA DE COMERCIO DE MALARG\u00dcE: GABRIEL GINART ES EL NUEVO PRESIDENTE"},"content":{"rendered":"<h4><strong><span class=\"cursor-pointer group\" style=\"color: #003366;\" title=\"Reproducir desde 1:08\"><span class=\"group-hover:bg-base-200 rounded p-0.5 -m-0.5\" data-start=\"67720\" data-end=\"72820\">La C\u00e1mara de Comercio, Industria, Miner\u00eda, Agricultura, Ganader\u00eda y Turismo de Malarg\u00fce, renov\u00f3 sus autoridades en una asamblea que incluy\u00f3 balance, gesti\u00f3n y nuevos objetivos.\u00a0<\/span><\/span><\/strong><\/h4>\n<p><span style=\"color: #800000;\"><span style=\"color: #000000;\">En di\u00e1logo con <strong><span style=\"color: #800080;\">FM VI\u00d1AS<\/span><\/strong>, el periodista malarg\u00fcino de <em><a href=\"https:\/\/seryhacerdemalargue.online\/49872\/\">Ser y Hacer Malarg\u00fce<\/a><\/em>, <span style=\"color: #003366;\"><strong>Eduardo Araujo<\/strong><\/span>; destac\u00f3 que <em><strong>\u00abla nueva comisi\u00f3n directiva se caracteriza por la incorporaci\u00f3n de j\u00f3venes profesionales y emprendedores, reflejando un compromiso con la renovaci\u00f3n y la diversidad en la representaci\u00f3n del sector empresarial de Malarg\u00fce\u00bb.<\/strong><\/em>\u00a0<\/span><\/span><\/p>\n<p><span style=\"color: #000000;\">En ese sentido, <span style=\"color: #003366;\"><strong>Gabriel Ginart<\/strong><\/span>, flamante presidente y quien previamente presid\u00eda la Espec\u00edfica de Comercio, <strong>asumi\u00f3 el compromiso de continuar con el trabajo desarrollado y se\u00f1al\u00f3 que su gesti\u00f3n buscar\u00e1 fortalecer la relaci\u00f3n entre el sector p\u00fablico y privado<\/strong>. La encarga de presentar la nueva Comisi\u00f3n Directiva fue la tambi\u00e9n nueva Secretaria de la entidad, <span style=\"color: #003366;\"><strong>Mar\u00eda Jos\u00e9 Castilla<\/strong><\/span>.\u00a0<\/span><\/p>\n<div id=\"attachment_147210\" style=\"width: 600px\" class=\"wp-caption aligncenter\"><img loading=\"lazy\" decoding=\"async\" aria-describedby=\"caption-attachment-147210\" class=\"wp-image-147210\" src=\"https:\/\/vinasfm.com\/noticias\/wp-content\/uploads\/2025\/04\/comision-directiva-camara.webp\" alt=\"\" width=\"600\" height=\"218\" srcset=\"https:\/\/vinasfm.com\/noticias\/wp-content\/uploads\/2025\/04\/comision-directiva-camara.webp 1024w, https:\/\/vinasfm.com\/noticias\/wp-content\/uploads\/2025\/04\/comision-directiva-camara-300x109.webp 300w, https:\/\/vinasfm.com\/noticias\/wp-content\/uploads\/2025\/04\/comision-directiva-camara-768x279.webp 768w\" sizes=\"auto, (max-width: 600px) 100vw, 600px\" \/><p id=\"caption-attachment-147210\" class=\"wp-caption-text\">La nueva Comisi\u00f3n Directiva de la C\u00e1mara de Comercio de Malarg\u00fce.<\/p><\/div>\n<p><span style=\"color: #000000;\">Araujo tambi\u00e9n dio a conocer otros nombres que conforman las designaciones de la C\u00e1mara de Comercio del departamento sure\u00f1o. En ese aspecto, confirm\u00f3 que <span style=\"color: #003366;\"><strong>Cristian Alcal\u00e1<\/strong><\/span> <em>estar\u00e1 a cargo de la Espec\u00edfica de Turismo<\/em>, <span style=\"color: #003366;\"><strong>Gerardo Gim\u00e9nez<\/strong><\/span> <em>ser\u00e1 responsable de la Espec\u00edfica de Comercio,<\/em> en una estructura que apunta a un trabajo sectorial m\u00e1s eficiente y din\u00e1mico. <span style=\"color: #003366;\"><strong>Juan Sosa<\/strong><\/span> <em>en miner\u00eda<\/em>, <span style=\"color: #003366;\"><strong>Facundo Carenzo<\/strong><\/span> <em>en ganader\u00eda<\/em>. En los pr\u00f3ximos d\u00edas se designar\u00e1n responsables de otras actividades.<\/span><\/p>\n<p><span style=\"color: #000000;\">El periodista destac\u00f3 que<em><strong> \u00abla entidad tiene mucho peso y es muy escuchada en Malarg\u00fce, tiene participaci\u00f3n en todos los \u00e1mbitos de la comunidad. Se involucra en temas sociales como lo es la educaci\u00f3n, la salud y el desarrollo del departamento\u00bb.\u00a0<\/strong><\/em><\/span><\/p>\n<p><span style=\"color: #000000;\">A su fin, Eduardo Araujo confirm\u00f3 que Gabriel Ginard estar\u00e1 presente en la <strong>Fiesta Nacional de la Ganader\u00eda de Zonas \u00c1ridas<\/strong>, en General Alvear, como uno de sus primeros viajes estando a cargo de la C\u00e1mara de Comercio. Lo har\u00e1 acompa\u00f1ado de <span style=\"color: #003366;\"><strong>Mia Rubio<\/strong><\/span> como la Embajadora de la Ganader\u00eda de Malarg\u00fce.\u00a0<\/span><\/p>\n","protected":false},"excerpt":{"rendered":"<p>La C\u00e1mara de Comercio, Industria, Miner\u00eda, Agricultura, Ganader\u00eda y Turismo de Malarg\u00fce, renov\u00f3 sus autoridades en una asamblea que incluy\u00f3 balance, &#8230;<\/p>\n","protected":false},"author":7,"featured_media":147209,"comment_status":"open","ping_status":"open","sticky":false,"template":"","format":"standard","meta":{"footnotes":""},"categories":[32,216],"tags":[],"class_list":["post-147171","post","type-post","status-publish","format-standard","has-post-thumbnail","hentry","category-camara-de-comercio","category-malargue"],"_links":{"self":[{"href":"https:\/\/vinasfm.com\/noticias\/wp-json\/wp\/v2\/posts\/147171","targetHints":{"allow":["GET"]}}],"collection":[{"href":"https:\/\/vinasfm.com\/noticias\/wp-json\/wp\/v2\/posts"}],"about":[{"href":"https:\/\/vinasfm.com\/noticias\/wp-json\/wp\/v2\/types\/post"}],"author":[{"embeddable":true,"href":"https:\/\/vinasfm.com\/noticias\/wp-json\/wp\/v2\/users\/7"}],"replies":[{"embeddable":true,"href":"https:\/\/vinasfm.com\/noticias\/wp-json\/wp\/v2\/comments?post=147171"}],"version-history":[{"count":2,"href":"https:\/\/vinasfm.com\/noticias\/wp-json\/wp\/v2\/posts\/147171\/revisions"}],"predecessor-version":[{"id":147211,"href":"https:\/\/vinasfm.com\/noticias\/wp-json\/wp\/v2\/posts\/147171\/revisions\/147211"}],"wp:featuredmedia":[{"embeddable":true,"href":"https:\/\/vinasfm.com\/noticias\/wp-json\/wp\/v2\/media\/147209"}],"wp:attachment":[{"href":"https:\/\/vinasfm.com\/noticias\/wp-json\/wp\/v2\/media?parent=147171"}],"wp:term":[{"taxonomy":"category","embeddable":true,"href":"https:\/\/vinasfm.com\/noticias\/wp-json\/wp\/v2\/categories?post=147171"},{"taxonomy":"post_tag","embeddable":true,"href":"https:\/\/vinasfm.com\/noticias\/wp-json\/wp\/v2\/tags?post=147171"}],"curies":[{"name":"wp","href":"https:\/\/api.w.org\/{rel}","templated":true}]}}