{"id":147162,"date":"2025-04-21T10:47:35","date_gmt":"2025-04-21T13:47:35","guid":{"rendered":"https:\/\/vinasfm.com\/noticias\/?p=147162"},"modified":"2025-04-22T08:22:43","modified_gmt":"2025-04-22T11:22:43","slug":"emotivo-homenaje-del-destructor-ara-comodoro-py-a-la-sociedad-alvearense","status":"publish","type":"post","link":"https:\/\/vinasfm.com\/noticias\/emotivo-homenaje-del-destructor-ara-comodoro-py-a-la-sociedad-alvearense\/","title":{"rendered":"EMOTIVO HOMENAJE DEL DESTRUCTOR ARA COMODORO PY A LA SOCIEDAD ALVEARENSE"},"content":{"rendered":"<h4><strong><span style=\"color: #003366;\">El s\u00e1bado por la ma\u00f1ana, en la Plaza Departamental Carlos Mar\u00eda de Alvear, se realiz\u00f3 un emotivo acto de reconocimiento a la comunidad alvearense, organizado por los integrantes del destructor ARA Comodoro Py. <\/span><\/strong><\/h4>\n<p><span style=\"color: #000000;\">La ceremonia se enmarc\u00f3 en las conmemoraciones del mes de Malvinas, resaltando la importancia de recordar y honrar a aquellos que defendieron la soberan\u00eda nacional.<\/span><\/p>\n<p><span style=\"color: #000000;\">El <em>secretario de Gobierno<\/em>, <span style=\"color: #003366;\"><strong>Fabio G\u00f3mez Parra<\/strong><\/span>, en sus declaraciones, subray\u00f3 el significado del homenaje: <em><strong>\u201cEn la ma\u00f1ana del d\u00eda s\u00e1bado hemos tenido un hermoso homenaje. Este reconocimiento es un gesto de los veteranos del Destructor PY hacia la ciudad de General Alvear y sus ciudadanos, quienes cada a\u00f1o los reciben con gran calidez y respeto, reafirmando su condici\u00f3n de ciudad malvinera\u201d.<\/strong><\/em><\/span><\/p>\n<p><span style=\"color: #000000;\">G\u00f3mez Parra continu\u00f3 expresando su emoci\u00f3n por los testimonios compartidos por diversos tripulantes del destructor, quienes relataron vivencias significativas de su paso por Malvinas. <strong>\u201cHa sido una ma\u00f1ana interesante, linda y muy conmovedora\u201d<\/strong>, afirm\u00f3.<\/span><\/p>\n<p><a href=\"https:\/\/vinasfm.com\/noticias\/wp-content\/uploads\/2025\/04\/Imagen-de-WhatsApp-2025-04-21-a-las-10.34.59_09ed384a.jpg\"><img loading=\"lazy\" decoding=\"async\" class=\"alignnone wp-image-147164\" src=\"https:\/\/vinasfm.com\/noticias\/wp-content\/uploads\/2025\/04\/Imagen-de-WhatsApp-2025-04-21-a-las-10.34.59_09ed384a-300x168.jpg\" alt=\"\" width=\"350\" height=\"196\" srcset=\"https:\/\/vinasfm.com\/noticias\/wp-content\/uploads\/2025\/04\/Imagen-de-WhatsApp-2025-04-21-a-las-10.34.59_09ed384a-300x168.jpg 300w, https:\/\/vinasfm.com\/noticias\/wp-content\/uploads\/2025\/04\/Imagen-de-WhatsApp-2025-04-21-a-las-10.34.59_09ed384a-1024x575.jpg 1024w, https:\/\/vinasfm.com\/noticias\/wp-content\/uploads\/2025\/04\/Imagen-de-WhatsApp-2025-04-21-a-las-10.34.59_09ed384a-768x431.jpg 768w, https:\/\/vinasfm.com\/noticias\/wp-content\/uploads\/2025\/04\/Imagen-de-WhatsApp-2025-04-21-a-las-10.34.59_09ed384a-1536x862.jpg 1536w, https:\/\/vinasfm.com\/noticias\/wp-content\/uploads\/2025\/04\/Imagen-de-WhatsApp-2025-04-21-a-las-10.34.59_09ed384a-750x420.jpg 750w, https:\/\/vinasfm.com\/noticias\/wp-content\/uploads\/2025\/04\/Imagen-de-WhatsApp-2025-04-21-a-las-10.34.59_09ed384a-1140x641.jpg 1140w, https:\/\/vinasfm.com\/noticias\/wp-content\/uploads\/2025\/04\/Imagen-de-WhatsApp-2025-04-21-a-las-10.34.59_09ed384a.jpg 1600w\" sizes=\"auto, (max-width: 350px) 100vw, 350px\" \/><\/a> <a href=\"https:\/\/vinasfm.com\/noticias\/wp-content\/uploads\/2025\/04\/Imagen-de-WhatsApp-2025-04-21-a-las-10.35.01_7deeff80.jpg\"><img loading=\"lazy\" decoding=\"async\" class=\"alignnone wp-image-147165\" src=\"https:\/\/vinasfm.com\/noticias\/wp-content\/uploads\/2025\/04\/Imagen-de-WhatsApp-2025-04-21-a-las-10.35.01_7deeff80-1024x575.jpg\" alt=\"\" width=\"350\" height=\"196\" srcset=\"https:\/\/vinasfm.com\/noticias\/wp-content\/uploads\/2025\/04\/Imagen-de-WhatsApp-2025-04-21-a-las-10.35.01_7deeff80-1024x575.jpg 1024w, https:\/\/vinasfm.com\/noticias\/wp-content\/uploads\/2025\/04\/Imagen-de-WhatsApp-2025-04-21-a-las-10.35.01_7deeff80-300x168.jpg 300w, https:\/\/vinasfm.com\/noticias\/wp-content\/uploads\/2025\/04\/Imagen-de-WhatsApp-2025-04-21-a-las-10.35.01_7deeff80-768x431.jpg 768w, https:\/\/vinasfm.com\/noticias\/wp-content\/uploads\/2025\/04\/Imagen-de-WhatsApp-2025-04-21-a-las-10.35.01_7deeff80-1536x862.jpg 1536w, https:\/\/vinasfm.com\/noticias\/wp-content\/uploads\/2025\/04\/Imagen-de-WhatsApp-2025-04-21-a-las-10.35.01_7deeff80-750x420.jpg 750w, https:\/\/vinasfm.com\/noticias\/wp-content\/uploads\/2025\/04\/Imagen-de-WhatsApp-2025-04-21-a-las-10.35.01_7deeff80-1140x641.jpg 1140w, https:\/\/vinasfm.com\/noticias\/wp-content\/uploads\/2025\/04\/Imagen-de-WhatsApp-2025-04-21-a-las-10.35.01_7deeff80.jpg 1600w\" sizes=\"auto, (max-width: 350px) 100vw, 350px\" \/><\/a> <a href=\"https:\/\/vinasfm.com\/noticias\/wp-content\/uploads\/2025\/04\/Imagen-de-WhatsApp-2025-04-21-a-las-10.35.03_fb4af9d6.jpg\"><img loading=\"lazy\" decoding=\"async\" class=\"alignnone wp-image-147166\" src=\"https:\/\/vinasfm.com\/noticias\/wp-content\/uploads\/2025\/04\/Imagen-de-WhatsApp-2025-04-21-a-las-10.35.03_fb4af9d6-1024x575.jpg\" alt=\"\" width=\"350\" height=\"196\" srcset=\"https:\/\/vinasfm.com\/noticias\/wp-content\/uploads\/2025\/04\/Imagen-de-WhatsApp-2025-04-21-a-las-10.35.03_fb4af9d6-1024x575.jpg 1024w, https:\/\/vinasfm.com\/noticias\/wp-content\/uploads\/2025\/04\/Imagen-de-WhatsApp-2025-04-21-a-las-10.35.03_fb4af9d6-300x168.jpg 300w, https:\/\/vinasfm.com\/noticias\/wp-content\/uploads\/2025\/04\/Imagen-de-WhatsApp-2025-04-21-a-las-10.35.03_fb4af9d6-768x431.jpg 768w, https:\/\/vinasfm.com\/noticias\/wp-content\/uploads\/2025\/04\/Imagen-de-WhatsApp-2025-04-21-a-las-10.35.03_fb4af9d6-1536x862.jpg 1536w, https:\/\/vinasfm.com\/noticias\/wp-content\/uploads\/2025\/04\/Imagen-de-WhatsApp-2025-04-21-a-las-10.35.03_fb4af9d6-750x420.jpg 750w, https:\/\/vinasfm.com\/noticias\/wp-content\/uploads\/2025\/04\/Imagen-de-WhatsApp-2025-04-21-a-las-10.35.03_fb4af9d6-1140x641.jpg 1140w, https:\/\/vinasfm.com\/noticias\/wp-content\/uploads\/2025\/04\/Imagen-de-WhatsApp-2025-04-21-a-las-10.35.03_fb4af9d6.jpg 1600w\" sizes=\"auto, (max-width: 350px) 100vw, 350px\" \/><\/a> <a href=\"https:\/\/vinasfm.com\/noticias\/wp-content\/uploads\/2025\/04\/Imagen-de-WhatsApp-2025-04-21-a-las-10.35.04_b3abf0dd.jpg\"><img loading=\"lazy\" decoding=\"async\" class=\"alignnone wp-image-147167\" src=\"https:\/\/vinasfm.com\/noticias\/wp-content\/uploads\/2025\/04\/Imagen-de-WhatsApp-2025-04-21-a-las-10.35.04_b3abf0dd-1024x575.jpg\" alt=\"\" width=\"350\" height=\"196\" srcset=\"https:\/\/vinasfm.com\/noticias\/wp-content\/uploads\/2025\/04\/Imagen-de-WhatsApp-2025-04-21-a-las-10.35.04_b3abf0dd-1024x575.jpg 1024w, https:\/\/vinasfm.com\/noticias\/wp-content\/uploads\/2025\/04\/Imagen-de-WhatsApp-2025-04-21-a-las-10.35.04_b3abf0dd-300x168.jpg 300w, https:\/\/vinasfm.com\/noticias\/wp-content\/uploads\/2025\/04\/Imagen-de-WhatsApp-2025-04-21-a-las-10.35.04_b3abf0dd-768x431.jpg 768w, https:\/\/vinasfm.com\/noticias\/wp-content\/uploads\/2025\/04\/Imagen-de-WhatsApp-2025-04-21-a-las-10.35.04_b3abf0dd-1536x862.jpg 1536w, https:\/\/vinasfm.com\/noticias\/wp-content\/uploads\/2025\/04\/Imagen-de-WhatsApp-2025-04-21-a-las-10.35.04_b3abf0dd-750x420.jpg 750w, https:\/\/vinasfm.com\/noticias\/wp-content\/uploads\/2025\/04\/Imagen-de-WhatsApp-2025-04-21-a-las-10.35.04_b3abf0dd-1140x641.jpg 1140w, https:\/\/vinasfm.com\/noticias\/wp-content\/uploads\/2025\/04\/Imagen-de-WhatsApp-2025-04-21-a-las-10.35.04_b3abf0dd.jpg 1600w\" sizes=\"auto, (max-width: 350px) 100vw, 350px\" \/><\/a><\/p>\n<p><span style=\"color: #000000;\">El secretario tambi\u00e9n destac\u00f3 el compromiso del gobierno local con la causa malvinera: <strong><em>\u201cEstamos comprometidos con esta causa y recibir este homenaje de parte de ellos nos llena de orgullo. Redoblamos nuestros esfuerzos para que este mensaje perdure de generaci\u00f3n en generaci\u00f3n. Es parte nuestra como gobierno y como sociedad\u201d.<\/em><\/strong><\/span><\/p>\n<p><span style=\"color: #000000;\">El acto culmin\u00f3 con la entrega de una placa que simboliza el agradecimiento a la comunidad de General Alvear, reafirmando los lazos entre los veteranos y los ciudadanos locales.<\/span><\/p>\n<p><span style=\"color: #000000;\">La ceremonia no solo sirvi\u00f3 para recordar el sacrificio y valor de quienes formaron parte del conflicto en Malvinas, sino tambi\u00e9n para fortalecer el sentido de pertenencia y memoria colectiva en la poblaci\u00f3n alvearense.<\/span><\/p>\n<p><a href=\"https:\/\/vinasfm.com\/noticias\/wp-content\/uploads\/2025\/04\/Imagen-de-WhatsApp-2025-04-21-a-las-10.35.07_f6550c26.jpg\"><img loading=\"lazy\" decoding=\"async\" class=\"alignnone wp-image-147168\" src=\"https:\/\/vinasfm.com\/noticias\/wp-content\/uploads\/2025\/04\/Imagen-de-WhatsApp-2025-04-21-a-las-10.35.07_f6550c26-1024x575.jpg\" alt=\"\" width=\"350\" height=\"196\" srcset=\"https:\/\/vinasfm.com\/noticias\/wp-content\/uploads\/2025\/04\/Imagen-de-WhatsApp-2025-04-21-a-las-10.35.07_f6550c26-1024x575.jpg 1024w, https:\/\/vinasfm.com\/noticias\/wp-content\/uploads\/2025\/04\/Imagen-de-WhatsApp-2025-04-21-a-las-10.35.07_f6550c26-300x168.jpg 300w, https:\/\/vinasfm.com\/noticias\/wp-content\/uploads\/2025\/04\/Imagen-de-WhatsApp-2025-04-21-a-las-10.35.07_f6550c26-768x431.jpg 768w, https:\/\/vinasfm.com\/noticias\/wp-content\/uploads\/2025\/04\/Imagen-de-WhatsApp-2025-04-21-a-las-10.35.07_f6550c26-1536x862.jpg 1536w, https:\/\/vinasfm.com\/noticias\/wp-content\/uploads\/2025\/04\/Imagen-de-WhatsApp-2025-04-21-a-las-10.35.07_f6550c26-750x420.jpg 750w, https:\/\/vinasfm.com\/noticias\/wp-content\/uploads\/2025\/04\/Imagen-de-WhatsApp-2025-04-21-a-las-10.35.07_f6550c26-1140x641.jpg 1140w, https:\/\/vinasfm.com\/noticias\/wp-content\/uploads\/2025\/04\/Imagen-de-WhatsApp-2025-04-21-a-las-10.35.07_f6550c26.jpg 1600w\" sizes=\"auto, (max-width: 350px) 100vw, 350px\" \/><\/a> <a href=\"https:\/\/vinasfm.com\/noticias\/wp-content\/uploads\/2025\/04\/Imagen-de-WhatsApp-2025-04-21-a-las-10.35.08_ef780b3c.jpg\"><img loading=\"lazy\" decoding=\"async\" class=\"alignnone wp-image-147169\" src=\"https:\/\/vinasfm.com\/noticias\/wp-content\/uploads\/2025\/04\/Imagen-de-WhatsApp-2025-04-21-a-las-10.35.08_ef780b3c-1024x575.jpg\" alt=\"\" width=\"350\" height=\"196\" srcset=\"https:\/\/vinasfm.com\/noticias\/wp-content\/uploads\/2025\/04\/Imagen-de-WhatsApp-2025-04-21-a-las-10.35.08_ef780b3c-1024x575.jpg 1024w, https:\/\/vinasfm.com\/noticias\/wp-content\/uploads\/2025\/04\/Imagen-de-WhatsApp-2025-04-21-a-las-10.35.08_ef780b3c-300x168.jpg 300w, https:\/\/vinasfm.com\/noticias\/wp-content\/uploads\/2025\/04\/Imagen-de-WhatsApp-2025-04-21-a-las-10.35.08_ef780b3c-768x431.jpg 768w, https:\/\/vinasfm.com\/noticias\/wp-content\/uploads\/2025\/04\/Imagen-de-WhatsApp-2025-04-21-a-las-10.35.08_ef780b3c-1536x862.jpg 1536w, https:\/\/vinasfm.com\/noticias\/wp-content\/uploads\/2025\/04\/Imagen-de-WhatsApp-2025-04-21-a-las-10.35.08_ef780b3c-750x420.jpg 750w, https:\/\/vinasfm.com\/noticias\/wp-content\/uploads\/2025\/04\/Imagen-de-WhatsApp-2025-04-21-a-las-10.35.08_ef780b3c-1140x641.jpg 1140w, https:\/\/vinasfm.com\/noticias\/wp-content\/uploads\/2025\/04\/Imagen-de-WhatsApp-2025-04-21-a-las-10.35.08_ef780b3c.jpg 1600w\" sizes=\"auto, (max-width: 350px) 100vw, 350px\" \/><\/a><\/p>\n","protected":false},"excerpt":{"rendered":"<p>El s\u00e1bado por la ma\u00f1ana, en la Plaza Departamental Carlos Mar\u00eda de Alvear, se realiz\u00f3 un emotivo acto de reconocimiento a &#8230;<\/p>\n","protected":false},"author":7,"featured_media":147163,"comment_status":"open","ping_status":"open","sticky":false,"template":"","format":"standard","meta":{"footnotes":""},"categories":[5,10],"tags":[],"class_list":["post-147162","post","type-post","status-publish","format-standard","has-post-thumbnail","hentry","category-actualidad","category-destacadas"],"_links":{"self":[{"href":"https:\/\/vinasfm.com\/noticias\/wp-json\/wp\/v2\/posts\/147162","targetHints":{"allow":["GET"]}}],"collection":[{"href":"https:\/\/vinasfm.com\/noticias\/wp-json\/wp\/v2\/posts"}],"about":[{"href":"https:\/\/vinasfm.com\/noticias\/wp-json\/wp\/v2\/types\/post"}],"author":[{"embeddable":true,"href":"https:\/\/vinasfm.com\/noticias\/wp-json\/wp\/v2\/users\/7"}],"replies":[{"embeddable":true,"href":"https:\/\/vinasfm.com\/noticias\/wp-json\/wp\/v2\/comments?post=147162"}],"version-history":[{"count":1,"href":"https:\/\/vinasfm.com\/noticias\/wp-json\/wp\/v2\/posts\/147162\/revisions"}],"predecessor-version":[{"id":147170,"href":"https:\/\/vinasfm.com\/noticias\/wp-json\/wp\/v2\/posts\/147162\/revisions\/147170"}],"wp:featuredmedia":[{"embeddable":true,"href":"https:\/\/vinasfm.com\/noticias\/wp-json\/wp\/v2\/media\/147163"}],"wp:attachment":[{"href":"https:\/\/vinasfm.com\/noticias\/wp-json\/wp\/v2\/media?parent=147162"}],"wp:term":[{"taxonomy":"category","embeddable":true,"href":"https:\/\/vinasfm.com\/noticias\/wp-json\/wp\/v2\/categories?post=147162"},{"taxonomy":"post_tag","embeddable":true,"href":"https:\/\/vinasfm.com\/noticias\/wp-json\/wp\/v2\/tags?post=147162"}],"curies":[{"name":"wp","href":"https:\/\/api.w.org\/{rel}","templated":true}]}}