{"id":147130,"date":"2025-04-21T08:16:16","date_gmt":"2025-04-21T11:16:16","guid":{"rendered":"https:\/\/vinasfm.com\/noticias\/?p=147130"},"modified":"2025-04-21T10:28:55","modified_gmt":"2025-04-21T13:28:55","slug":"en-semana-santa-mendoza-fue-uno-de-lo-destinos-mas-elegidos-del-pais","status":"publish","type":"post","link":"https:\/\/vinasfm.com\/noticias\/en-semana-santa-mendoza-fue-uno-de-lo-destinos-mas-elegidos-del-pais\/","title":{"rendered":"EN SEMANA SANTA, MENDOZA FUE UNO DE LOS DESTINOS M\u00c1S ELEGIDOS DEL PA\u00cdS"},"content":{"rendered":"<h4><span style=\"color: #003366;\">Con una intensa agenda cultural, enogastron\u00f3mica y de turismo religioso, nuestra provincia atrajo a miles de visitantes y tuvo gran movimiento de turismo interno.<\/span><\/h4>\n<p>Con gran movimiento de visitantes tanto en las terminales terrestres como a\u00e9reas y rutas de toda la provincia, Mendoza fue uno de los destinos m\u00e1s elegidos del pa\u00eds para el per\u00edodo de Semana Santa.<\/p>\n<p>Seg\u00fan los datos del <strong>Informe de Coyuntura de Semana Santa del Observatorio Tur\u00edstico del Emetur<\/strong>, <strong>el promedio provincial de ocupaci\u00f3n<\/strong> -ponderado entre todas las zonas y categor\u00edas- <strong>est\u00e1 estimado en 80%.<\/strong> Con esta variable, y teniendo en cuenta quienes se alojan en casa de parientes y\/o amigos, <strong>llegaron a la provincia cerca de 75.250 visitantes, lo que dej\u00f3 m\u00e1s de $19.547,6 millones<\/strong>, considerando una estad\u00eda promedio de 3,5 d\u00edas y un gasto diario promedio de $75 mil pesos por persona.<\/p>\n<p>En el an\u00e1lisis territorial, <strong>entre los sitios que registran mayor nivel de ocupaci\u00f3n se encuentran Potrerillos, Ruta 82 y Cacheuta. En el Sur, las villas de San Rafael y el departamento de General Alvear muestran porcentajes sobre la media, mientras el Gran Mendoza, Valle de Uco y lazona Este muestran valores cercanos a la media.<\/strong> Malarg\u00fce hoy promedia cerca del 70%.<\/p>\n<p>Este per\u00edodo suele registrar viajeros motivados tanto por el disfrute como por el encuentro familiar. Por lo tanto, tambi\u00e9n mueve turismo interno, para el que algunas c\u00e1maras como la de San Rafael y Malarg\u00fce ofrecieron descuentos para mendocinos.<\/p>\n<p>Como es habitual, la mayor\u00eda de los visitantes son nacionales de la ciudad de Buenos Aires, provincia de Buenos Aires, C\u00f3rdoba, Santa Fe, y provincias lim\u00edtrofes. Tambi\u00e9n se registraron turistas extranjeros de diversas nacionalidades y, como es habitual, son mayor\u00eda los provenientes de Chile y Brasil por la buena conectividad, destac\u00e1ndose particularmente la presencia de uruguayos.<\/p>\n<p>Seg\u00fan la presidenta del <strong>Ente Mendoza Turismo <\/strong><em>(EMETUR)<\/em>, <strong><em>\u201cestamos satisfecho con el resultado de este finde de semana, ya que el turismo le inyect\u00f3 a la econom\u00eda local m\u00e1s de 75.000 millones de pesos, manteni\u00e9ndose entre los destinos m\u00e1s elegidos del pa\u00eds, gracias a la excelente conectividad terrestre y a\u00e9rea, su propuesta cultural diferencial y el intenso trabajo de promoci\u00f3n que encabeza el Emetur en conjunto con los municipios y los representantes del sector privado\u201d.<\/em><\/strong><\/p>\n<p>Asimismo, agreg\u00f3:<em><strong> \u201cEn un contexto macroecon\u00f3mico complejo, es un muy buen resultado, sobre todo teniendo en cuenta que dentro de s\u00f3lo 11 d\u00edas se dar\u00e1 otro fin de semana de 4 d\u00edas, generado por el feriado del D\u00eda del Trabajador que cae en jueves y el viernes ser\u00e1 d\u00eda no laborable. Es probable que quienes tienen capacidad de viajar hayan evaluado ambas alternativas\u201d.<\/strong><\/em><\/p>\n<p>Adem\u00e1s, Mendoza est\u00e1 ofreciendo en estos d\u00edas y en toda su geograf\u00eda gran variedad de alternativas para todos los gustos y presupuestos, que incluyen propuestas de turismo religioso y cultural, as\u00ed como encuentros deportivos, enotur\u00edsticos y gastron\u00f3micos.<\/p>\n<p>Dentro de la profusa oferta cultural, se destaca el festival M\u00fasica Cl\u00e1sica por los Caminos del Vino, en su 25\u00aa edici\u00f3n, que ha colmado sus 66 locaciones con mendocinos y turistas que disfrutan el \u00fanico festival en su g\u00e9nero del pa\u00eds organizado por la Subsecretar\u00eda de Cultura, como una apuesta del Gobierno de Mendoza por la cultura y para darle a este fin de semana una propuesta de valor con capacidad de motivar visitantes.<\/p>\n<h2><strong>Mendoza, entre las m\u00e1s elegidas<\/strong><\/h2>\n<p>Seg\u00fan diferentes agencias de viaje, como Despegar, <strong>Mendoza se encuentra entre los tres destinos m\u00e1s elegidos por los viajeros, junto a Iguaz\u00fa y Bariloche.<\/strong><\/p>\n<p>Por otra parte, Aeropuertos Argentina inform\u00f3 que, durante este per\u00edodo, Mendoza ha sido el destino m\u00e1s elegido por quienes viajan en avi\u00f3n.<\/p>\n<p>A su vez, seg\u00fan datos del <strong>Observatorio Argentino de Turismo<\/strong> <em>(OAT)<\/em>, dependiente de la <strong>C\u00e1mara Argentina de Turismo<\/strong> <em>(CAT)<\/em>, Mendoza est\u00e1 en el ranking de los destinos m\u00e1s elegidos por los argentinos para la Semana Santa 2025. <strong>Siguiendo con los datos de la entidad, Potrerillos tiene ocupaci\u00f3n plena y San Rafael y la Ciudad de Mendoza est\u00e1n en 80%.<\/strong><\/p>\n","protected":false},"excerpt":{"rendered":"<p>Con una intensa agenda cultural, enogastron\u00f3mica y de turismo religioso, nuestra provincia atrajo a miles de visitantes y tuvo gran movimiento &#8230;<\/p>\n","protected":false},"author":7,"featured_media":147131,"comment_status":"open","ping_status":"open","sticky":false,"template":"","format":"standard","meta":{"footnotes":""},"categories":[5,21],"tags":[],"class_list":["post-147130","post","type-post","status-publish","format-standard","has-post-thumbnail","hentry","category-actualidad","category-turismo-2"],"_links":{"self":[{"href":"https:\/\/vinasfm.com\/noticias\/wp-json\/wp\/v2\/posts\/147130","targetHints":{"allow":["GET"]}}],"collection":[{"href":"https:\/\/vinasfm.com\/noticias\/wp-json\/wp\/v2\/posts"}],"about":[{"href":"https:\/\/vinasfm.com\/noticias\/wp-json\/wp\/v2\/types\/post"}],"author":[{"embeddable":true,"href":"https:\/\/vinasfm.com\/noticias\/wp-json\/wp\/v2\/users\/7"}],"replies":[{"embeddable":true,"href":"https:\/\/vinasfm.com\/noticias\/wp-json\/wp\/v2\/comments?post=147130"}],"version-history":[{"count":2,"href":"https:\/\/vinasfm.com\/noticias\/wp-json\/wp\/v2\/posts\/147130\/revisions"}],"predecessor-version":[{"id":147138,"href":"https:\/\/vinasfm.com\/noticias\/wp-json\/wp\/v2\/posts\/147130\/revisions\/147138"}],"wp:featuredmedia":[{"embeddable":true,"href":"https:\/\/vinasfm.com\/noticias\/wp-json\/wp\/v2\/media\/147131"}],"wp:attachment":[{"href":"https:\/\/vinasfm.com\/noticias\/wp-json\/wp\/v2\/media?parent=147130"}],"wp:term":[{"taxonomy":"category","embeddable":true,"href":"https:\/\/vinasfm.com\/noticias\/wp-json\/wp\/v2\/categories?post=147130"},{"taxonomy":"post_tag","embeddable":true,"href":"https:\/\/vinasfm.com\/noticias\/wp-json\/wp\/v2\/tags?post=147130"}],"curies":[{"name":"wp","href":"https:\/\/api.w.org\/{rel}","templated":true}]}}