{"id":147127,"date":"2025-04-21T08:08:37","date_gmt":"2025-04-21T11:08:37","guid":{"rendered":"https:\/\/vinasfm.com\/noticias\/?p=147127"},"modified":"2025-04-21T10:21:37","modified_gmt":"2025-04-21T13:21:37","slug":"a-sus-88-anos-murio-el-papa-francisco","status":"publish","type":"post","link":"https:\/\/vinasfm.com\/noticias\/a-sus-88-anos-murio-el-papa-francisco\/","title":{"rendered":"A SUS 88 A\u00d1OS, MURI\u00d3 EL PAPA FRANCISCO"},"content":{"rendered":"<h4 class=\"paragraph inline-placeholder vossi-paragraph\" data-uri=\"es.cms.cnn.com\/_components\/paragraph\/instances\/cm9qtbjrb000h356o56r01vmr@published\" data-editable=\"text\" data-component-name=\"paragraph\" data-article-gutter=\"true\" data-analytics-observe=\"off\"><span style=\"color: #003366;\">La muerte del papa fue anunciada este lunes por la ma\u00f1ana por el cardenal Kevin Farrell, camarlengo del Vaticano. \u201cQueridos hermanos y hermanas, con profundo pesar debo anunciar el fallecimiento de nuestro santo padre Francisco\u201d, declar\u00f3 el camarlengo en un comunicado.<\/span><\/h4>\n<p data-uri=\"es.cms.cnn.com\/_components\/paragraph\/instances\/cm9qtbjrb000h356o56r01vmr@published\" data-editable=\"text\" data-component-name=\"paragraph\" data-article-gutter=\"true\" data-analytics-observe=\"off\">El papa Francisco, portavoz de los pobres que super\u00f3 una f\u00e9rrea resistencia para transformar la Iglesia cat\u00f3lica, falleci\u00f3 a los 88 a\u00f1os, anunci\u00f3 el Vaticano.<\/p>\n<p data-uri=\"es.cms.cnn.com\/_components\/paragraph\/instances\/cm9qtbjrb000h356o56r01vmr@published\" data-editable=\"text\" data-component-name=\"paragraph\" data-article-gutter=\"true\" data-analytics-observe=\"off\"><em><strong>\u201cA las 7:35 a.m., el obispo de Roma, Francisco, regres\u00f3 a la casa del Padre. Dedic\u00f3 toda su vida al servicio del Se\u00f1or y de su Iglesia\u201d<\/strong><\/em>, expres\u00f3 Farrell y continu\u00f3; \u201c<em><strong>Nos ense\u00f1\u00f3 a vivir los valores del Evangelio con fidelidad, valent\u00eda y amor universal, especialmente a favor de los m\u00e1s pobres y marginados\u201d.<\/strong><\/em><\/p>\n<p class=\"paragraph inline-placeholder vossi-paragraph\" data-uri=\"es.cms.cnn.com\/_components\/paragraph\/instances\/cm9qtbjrb000l356oyms8b6fx@published\" data-editable=\"text\" data-component-name=\"paragraph\" data-article-gutter=\"true\" data-analytics-observe=\"off\"><em><strong>\u201cCon inmensa gratitud por su ejemplo como verdadero disc\u00edpulo del Se\u00f1or Jes\u00fas, encomendamos el alma del papa Francisco al infinito amor misericordioso del Dios trino\u201d<\/strong><\/em>, concluy\u00f3 el comunicado.<\/p>\n<p class=\"paragraph inline-placeholder vossi-paragraph\" data-uri=\"es.cms.cnn.com\/_components\/paragraph\/instances\/cm9qtbjrb000m356osfm3y912@published\" data-editable=\"text\" data-component-name=\"paragraph\" data-article-gutter=\"true\" data-analytics-observe=\"off\">El anuncio habr\u00eda sido una sorpresa para muchos, ya que se produjo menos de un d\u00eda despu\u00e9s de la destacada aparici\u00f3n p\u00fablica del papa.<\/p>\n<p class=\"paragraph inline-placeholder vossi-paragraph\" data-uri=\"es.cms.cnn.com\/_components\/paragraph\/instances\/cm9qtbjrb000n356o0yslfdkp@published\" data-editable=\"text\" data-component-name=\"paragraph\" data-article-gutter=\"true\" data-analytics-observe=\"off\">Si bien no se mostr\u00f3 tan comprometido como de costumbre este domingo, logr\u00f3 dirigirse a una gran multitud de fieles.<\/p>\n<p data-uri=\"es.cms.cnn.com\/_components\/paragraph\/instances\/cm9qtbjrb000n356o0yslfdkp@published\" data-editable=\"text\" data-component-name=\"paragraph\" data-article-gutter=\"true\" data-analytics-observe=\"off\">Francisco imparti\u00f3 la tradicional bendici\u00f3n de Pascua desde el balc\u00f3n de la bas\u00edlica de San Pedro en el Vaticano, en lo que marc\u00f3 su aparici\u00f3n m\u00e1s destacada desde que recibi\u00f3 el alta hospitalaria.<\/p>\n<p data-uri=\"es.cms.cnn.com\/_components\/paragraph\/instances\/cm9qtbjrb000n356o0yslfdkp@published\" data-editable=\"text\" data-component-name=\"paragraph\" data-article-gutter=\"true\" data-analytics-observe=\"off\">\n","protected":false},"excerpt":{"rendered":"<p>La muerte del papa fue anunciada este lunes por la ma\u00f1ana por el cardenal Kevin Farrell, camarlengo del Vaticano. \u201cQueridos hermanos &#8230;<\/p>\n","protected":false},"author":7,"featured_media":147128,"comment_status":"open","ping_status":"open","sticky":false,"template":"","format":"standard","meta":{"footnotes":""},"categories":[10,63],"tags":[],"class_list":["post-147127","post","type-post","status-publish","format-standard","has-post-thumbnail","hentry","category-destacadas","category-iglesia"],"_links":{"self":[{"href":"https:\/\/vinasfm.com\/noticias\/wp-json\/wp\/v2\/posts\/147127","targetHints":{"allow":["GET"]}}],"collection":[{"href":"https:\/\/vinasfm.com\/noticias\/wp-json\/wp\/v2\/posts"}],"about":[{"href":"https:\/\/vinasfm.com\/noticias\/wp-json\/wp\/v2\/types\/post"}],"author":[{"embeddable":true,"href":"https:\/\/vinasfm.com\/noticias\/wp-json\/wp\/v2\/users\/7"}],"replies":[{"embeddable":true,"href":"https:\/\/vinasfm.com\/noticias\/wp-json\/wp\/v2\/comments?post=147127"}],"version-history":[{"count":1,"href":"https:\/\/vinasfm.com\/noticias\/wp-json\/wp\/v2\/posts\/147127\/revisions"}],"predecessor-version":[{"id":147129,"href":"https:\/\/vinasfm.com\/noticias\/wp-json\/wp\/v2\/posts\/147127\/revisions\/147129"}],"wp:featuredmedia":[{"embeddable":true,"href":"https:\/\/vinasfm.com\/noticias\/wp-json\/wp\/v2\/media\/147128"}],"wp:attachment":[{"href":"https:\/\/vinasfm.com\/noticias\/wp-json\/wp\/v2\/media?parent=147127"}],"wp:term":[{"taxonomy":"category","embeddable":true,"href":"https:\/\/vinasfm.com\/noticias\/wp-json\/wp\/v2\/categories?post=147127"},{"taxonomy":"post_tag","embeddable":true,"href":"https:\/\/vinasfm.com\/noticias\/wp-json\/wp\/v2\/tags?post=147127"}],"curies":[{"name":"wp","href":"https:\/\/api.w.org\/{rel}","templated":true}]}}