{"id":147121,"date":"2025-04-20T00:21:46","date_gmt":"2025-04-20T03:21:46","guid":{"rendered":"https:\/\/vinasfm.com\/noticias\/?p=147121"},"modified":"2025-04-21T09:56:57","modified_gmt":"2025-04-21T12:56:57","slug":"un-joven-perdio-la-vida-tras-protagonizar-un-vuelco-en-cercanias-a-cochico","status":"publish","type":"post","link":"https:\/\/vinasfm.com\/noticias\/un-joven-perdio-la-vida-tras-protagonizar-un-vuelco-en-cercanias-a-cochico\/","title":{"rendered":"FATAL VUELCO EN RUTA 143: UN HOMBRE PERDI\u00d3 LA VIDA Y OTRO RESULT\u00d3 HERIDO"},"content":{"rendered":"<h4><strong><span style=\"color: #003366;\">Un tr\u00e1gico accidente se registr\u00f3 en la Ruta Provincial 143, a unos 15 kil\u00f3metros al sur del Destacamento Cochic\u00f3, dejando como saldo una persona fallecida y otra herida.<\/span><\/strong><\/h4>\n<p><span style=\"color: #000000;\">Seg\u00fan la informaci\u00f3n policial, el siniestro ocurri\u00f3 cuando <strong>Videla Leonardo Emiliano<\/strong><em> (31)<\/em> y otro hombre identificado como <strong>M. E.<\/strong><em> (22)<\/em>, circulaban de sur a norte a bordo de un Volkswagen Bora.<\/span><\/p>\n<p><span style=\"color: #000000;\">Por causas que a\u00fan se investigan, el conductor del veh\u00edculo perdi\u00f3 el control, lo que provoc\u00f3 un violento vuelco. <strong>Como consecuencia del impacto, Videla sali\u00f3 despedido del autom\u00f3vil y falleci\u00f3 en el lugar del hecho.<\/strong><\/span><\/p>\n<p><span style=\"color: #000000;\"><strong>En tanto, M. E. sufri\u00f3 diversas lesiones y fue trasladado de urgencia al Hospital Enfermeros Argentinos<\/strong>, donde permanece internado con diagn\u00f3stico de politraumatismos m\u00faltiples.<\/span><\/p>\n<p><span style=\"color: #000000;\">Las autoridades policiales se encuentran trabajando para determinar las circunstancias exactas que desencadenaron este fatal\u00a0accidente.<\/span><\/p>\n","protected":false},"excerpt":{"rendered":"<p>Un tr\u00e1gico accidente se registr\u00f3 en la Ruta Provincial 143, a unos 15 kil\u00f3metros al sur del Destacamento Cochic\u00f3, dejando como &#8230;<\/p>\n","protected":false},"author":7,"featured_media":145639,"comment_status":"open","ping_status":"open","sticky":false,"template":"","format":"standard","meta":{"footnotes":""},"categories":[4,184],"tags":[],"class_list":["post-147121","post","type-post","status-publish","format-standard","has-post-thumbnail","hentry","category-policiales","category-siniestro-vial"],"_links":{"self":[{"href":"https:\/\/vinasfm.com\/noticias\/wp-json\/wp\/v2\/posts\/147121","targetHints":{"allow":["GET"]}}],"collection":[{"href":"https:\/\/vinasfm.com\/noticias\/wp-json\/wp\/v2\/posts"}],"about":[{"href":"https:\/\/vinasfm.com\/noticias\/wp-json\/wp\/v2\/types\/post"}],"author":[{"embeddable":true,"href":"https:\/\/vinasfm.com\/noticias\/wp-json\/wp\/v2\/users\/7"}],"replies":[{"embeddable":true,"href":"https:\/\/vinasfm.com\/noticias\/wp-json\/wp\/v2\/comments?post=147121"}],"version-history":[{"count":3,"href":"https:\/\/vinasfm.com\/noticias\/wp-json\/wp\/v2\/posts\/147121\/revisions"}],"predecessor-version":[{"id":147134,"href":"https:\/\/vinasfm.com\/noticias\/wp-json\/wp\/v2\/posts\/147121\/revisions\/147134"}],"wp:featuredmedia":[{"embeddable":true,"href":"https:\/\/vinasfm.com\/noticias\/wp-json\/wp\/v2\/media\/145639"}],"wp:attachment":[{"href":"https:\/\/vinasfm.com\/noticias\/wp-json\/wp\/v2\/media?parent=147121"}],"wp:term":[{"taxonomy":"category","embeddable":true,"href":"https:\/\/vinasfm.com\/noticias\/wp-json\/wp\/v2\/categories?post=147121"},{"taxonomy":"post_tag","embeddable":true,"href":"https:\/\/vinasfm.com\/noticias\/wp-json\/wp\/v2\/tags?post=147121"}],"curies":[{"name":"wp","href":"https:\/\/api.w.org\/{rel}","templated":true}]}}