{"id":147073,"date":"2025-04-18T11:41:00","date_gmt":"2025-04-18T14:41:00","guid":{"rendered":"https:\/\/vinasfm.com\/noticias\/?p=147073"},"modified":"2025-04-19T10:43:57","modified_gmt":"2025-04-19T13:43:57","slug":"empresarios-del-turismo-anticiparon-una-baja-ocupacion-para-el-finde-extralargo-de-semana-santa","status":"publish","type":"post","link":"https:\/\/vinasfm.com\/noticias\/empresarios-del-turismo-anticiparon-una-baja-ocupacion-para-el-finde-extralargo-de-semana-santa\/","title":{"rendered":"EMPRESARIOS DEL TURISMO ANTICIPARON UNA BAJA OCUPACI\u00d3N PARA EL FINDE EXTRALARGO DE SEMANA SANTA"},"content":{"rendered":"<h4>Desde la Asociaci\u00f3n de Hoteler\u00eda aseguraron que los niveles de reservas no han remontado. Representantes del sector gastron\u00f3mico dieron una visi\u00f3n m\u00e1s alentadora.<\/h4>\n<article class=\"article-body first\">\n<div class=\"article-content\">\n<div class=\"cuerpo\" data-twitter-link=\"\">\n<p>La situaci\u00f3n del\u00a0<strong>sector tur\u00edstico de Mendoza<\/strong>\u00a0no es la mejor. Es que la realidad econ\u00f3mica favorece m\u00e1s los viajes al exterior de los argentinos que la presencia de los extranjeros en el pa\u00eds y Mendoza no est\u00e1 exenta a esa tendencia. Como consecuencia en\u00a0<strong><a href=\"https:\/\/www.diariouno.com.ar\/tags\/semana-santa\" target=\"_blank\" rel=\"follow noopener\">Semana Santa<\/a><\/strong>, las reservas hoteleras no superan el 67%, menos que en la pre pandemia.<\/p>\n<\/div>\n<\/div>\n<\/article>\n<article class=\"article-body\">\n<div class=\"article-content\">\n<div class=\"cuerpo\" data-twitter-link=\"\">\n<p>As\u00ed lo explicaron\u00a0<strong>Marcelo Rosental,<\/strong>\u00a0presidente de la<strong>\u00a0C\u00e1mara de Hoteler\u00eda<\/strong>\u00a0de la provincia, y\u00a0<strong>Marcelo Quercetti,<\/strong>\u00a0empresario hotelero y miembro de esta instituci\u00f3n.<\/p>\n<p>En tanto,\u00a0<strong>Ra\u00fal Roitman,<\/strong>\u00a0de la\u00a0<strong>asociaci\u00f3n de hoteleros, gastron\u00f3micos y afines<\/strong>\u00a0-Aehga- afirm\u00f3 que ellos manejan n\u00fameros un poco m\u00e1s alentadores: 67% de reservas y que esperan que se convierta en el 70% o 75% de ocupaci\u00f3n con la gente que llegue directamente al mostrador, es decir, sin reserva previa.<\/p>\n<h2>Motivos de la baja ocupaci\u00f3n tur\u00edstica<\/h2>\n<p>Seg\u00fan manifest\u00f3 Rosental, estiman que no van a superar el 55% de\u00a0<strong>ocupaci\u00f3n tur\u00edstica<\/strong>\u00a0en Ciudad, aunque otros destinos como alta monta\u00f1a o Valle de Uco puedan estar en n\u00fameros algo superiores. Mientras, la ocupaci\u00f3n previa a la pandemia para Semana Santa en Mendoza era del 75%, en promedio.<\/p>\n<p>Por su parte, Quercetti explic\u00f3 que es la\u00a0<strong>clase media de Brasil\u00a0<\/strong>la que ha dejado de viajar a Argentina y Mendoza no escapa a esa realidad, y el ejemplo que puso fue el de la Vendimia. Mientras que antes las reservas eran para 5 noches, ahora no superan las tres noches y en general, la gente se queda viernes y s\u00e1bado, las dos principales noches de Vendimia.<\/p>\n<p>Lo mismo sucede en\u00a0<strong>Semana Santa<\/strong>. A\u00f1os anteriores, la gente que decid\u00eda viajar en esta \u00e9poca, se instalaba de 5 a 7 d\u00edas. Mientras que en la actualidad, las estad\u00edas no son por m\u00e1s de 3 d\u00edas. El impacto de la ca\u00edda de los turistas chilenos tambi\u00e9n afect\u00f3 al sector.<\/p>\n<h2>Reclamaron la falta de una visi\u00f3n corporativa para promocionar el turismo<\/h2>\n<p>En la perspectiva de Ra\u00fal Roitman, presidente de Aehga, las reservas hasta este jueves eran del 67%, en la Ciudad de Mendoza, en donde se concentra el 30% de la oferta de alojamientos de toda la provincia y la expectativa era que podr\u00eda llegar a superar el 70% para esta\u00a0<strong><a href=\"https:\/\/www.diariouno.com.ar\/sociedad\/semana-santa-2025-cual-es-el-mejor-pueblo-mendoza-visitar-un-fin-semana-xxl-n1415541\" target=\"_blank\" rel=\"follow noopener\">Semana Santa<\/a><\/strong>.<\/p>\n<p>En cuanto a la necesidad de mejores campa\u00f1as y promociones de Mendoza como destino tur\u00edstico,\u00a0<strong>Roitman<\/strong>\u00a0argument\u00f3 que lo que falta es una visi\u00f3n corporativa por parte de los empresarios, que bajo su punto de vista, tendr\u00edan que encarar acciones en conjunto y aportar su parte y lo ejemplific\u00f3.<\/p>\n<p>\u00abEn Termas de R\u00edo Hondo, consiguieron tener un vuelo propio. Entonces, los due\u00f1os de los hoteles m\u00e1s importantes de la Ciudad acordaron una promoci\u00f3n de 4 x 3 en noches de alojamiento, que dio muy buenos resultados\u00bb, sostuvo.<\/p>\n<p>En este sentido, puso de manifiesto que quiz\u00e1s ya no vuelvan los programas como el Previaje por parte del gobierno, pero s\u00ed se pueden poner en marcha iniciativas de privados, como la de R\u00edo Hondo.<\/p>\n<p>Sobre las pol\u00edticas de turismo de Mendoza, Rosental manifest\u00f3 que lo que no debe suceder a nivel estatal es perderse la oportunidad de que la provincia sea el epicentro de algunos eventos como lo fue el Mundial de Rugby, que se realiz\u00f3 en San Juan.<\/p>\n<h2>El turismo de alta gama se mantiene estable<\/h2>\n<article class=\"article-body third-p\">\n<div class=\"article-content\">\n<div class=\"cuerpo\" data-twitter-link=\"\">\n<p>Los tres empresarios coincidieron en que\u00a0<strong>este an\u00e1lisis no corre para el turismo de alta gama<\/strong>, segmento que no se modifica por la coyuntura econ\u00f3mica. \u00abLas personas que tienen U$S1.000 para pasar una noche de hotel, no se ven afectados por los cambios econ\u00f3micos\u00bb, manifest\u00f3 Rosental.<\/p>\n<p>Es decir que los alojamientos de lujo que tienen que ver con el enoturismo, o los hoteles de 5 estrellas del centro de Mendoza, no se manejan por lo que sucede en materia econ\u00f3mica, por el tipo de cambio ni por la recesi\u00f3n. En este caso el\u00a0<strong>turismo<\/strong>\u00a0se mantiene estable en cuanto a los niveles de ocupaci\u00f3n.<\/p>\n<p>Desde el\u00a0<strong>Ente de Turismo de Mendoza<\/strong>\u00a0reci\u00e9n tendr\u00e1n los datos oficiales entre el s\u00e1bado y el domingo, por lo que no quisieron adelantar ninguna informaci\u00f3n preliminar.<\/p>\n<\/div>\n<\/div>\n<\/article>\n<div class=\"banner-libre\"><\/div>\n<\/div>\n<\/div>\n<\/article>\n","protected":false},"excerpt":{"rendered":"<p>Desde la Asociaci\u00f3n de Hoteler\u00eda aseguraron que los niveles de reservas no han remontado. Representantes del sector gastron\u00f3mico dieron una visi\u00f3n &#8230;<\/p>\n","protected":false},"author":7,"featured_media":147074,"comment_status":"open","ping_status":"open","sticky":false,"template":"","format":"standard","meta":{"footnotes":""},"categories":[5,21],"tags":[],"class_list":["post-147073","post","type-post","status-publish","format-standard","has-post-thumbnail","hentry","category-actualidad","category-turismo-2"],"_links":{"self":[{"href":"https:\/\/vinasfm.com\/noticias\/wp-json\/wp\/v2\/posts\/147073","targetHints":{"allow":["GET"]}}],"collection":[{"href":"https:\/\/vinasfm.com\/noticias\/wp-json\/wp\/v2\/posts"}],"about":[{"href":"https:\/\/vinasfm.com\/noticias\/wp-json\/wp\/v2\/types\/post"}],"author":[{"embeddable":true,"href":"https:\/\/vinasfm.com\/noticias\/wp-json\/wp\/v2\/users\/7"}],"replies":[{"embeddable":true,"href":"https:\/\/vinasfm.com\/noticias\/wp-json\/wp\/v2\/comments?post=147073"}],"version-history":[{"count":1,"href":"https:\/\/vinasfm.com\/noticias\/wp-json\/wp\/v2\/posts\/147073\/revisions"}],"predecessor-version":[{"id":147076,"href":"https:\/\/vinasfm.com\/noticias\/wp-json\/wp\/v2\/posts\/147073\/revisions\/147076"}],"wp:featuredmedia":[{"embeddable":true,"href":"https:\/\/vinasfm.com\/noticias\/wp-json\/wp\/v2\/media\/147074"}],"wp:attachment":[{"href":"https:\/\/vinasfm.com\/noticias\/wp-json\/wp\/v2\/media?parent=147073"}],"wp:term":[{"taxonomy":"category","embeddable":true,"href":"https:\/\/vinasfm.com\/noticias\/wp-json\/wp\/v2\/categories?post=147073"},{"taxonomy":"post_tag","embeddable":true,"href":"https:\/\/vinasfm.com\/noticias\/wp-json\/wp\/v2\/tags?post=147073"}],"curies":[{"name":"wp","href":"https:\/\/api.w.org\/{rel}","templated":true}]}}