{"id":147045,"date":"2025-04-17T09:47:01","date_gmt":"2025-04-17T12:47:01","guid":{"rendered":"https:\/\/vinasfm.com\/noticias\/?p=147045"},"modified":"2025-04-18T09:47:13","modified_gmt":"2025-04-18T12:47:13","slug":"desde-aerotec-brindaron-un-balance-positivo-y-eficiente-de-la-lucha-antigranizo","status":"publish","type":"post","link":"https:\/\/vinasfm.com\/noticias\/desde-aerotec-brindaron-un-balance-positivo-y-eficiente-de-la-lucha-antigranizo\/","title":{"rendered":"DESDE AEROTEC BRINDARON UN BALANCE POSITIVO Y EFICIENTE DE LA LUCHA ANTIGRANIZO"},"content":{"rendered":"<p data-sourcepos=\"3:1-3:243\"><strong>Diego Cardona, CEO de AEROTEC ARGENTINA S.A., ofreci\u00f3 un balance positivo sobre el soporte t\u00e9cnico, log\u00edstico y profesional brindado por la empresa en el sistema de mitigaci\u00f3n de granizo durante el \u00faltimo per\u00edodo.<\/strong><\/p>\n<p data-sourcepos=\"5:1-5:401\">En sus declaraciones, Cardona destac\u00f3 que las <em><strong>\u00abestad\u00edsticas son muy claras\u00bb<\/strong><\/em> que demuestran la efectividad del sistema para reducir el tama\u00f1o del granizo y, consecuentemente, los da\u00f1os ocasionados. <em><strong>\u00abHemos visto que estamos por debajo del promedio de hect\u00e1reas afectadas\u00bb,<\/strong><\/em> afirm\u00f3 en di\u00e1logo con <span style=\"color: #800080;\"><strong>FM VI\u00d1AS<\/strong><\/span>, resaltando que las cifras se mantienen inferiores a las registradas con sistemas de mitigaci\u00f3n en a\u00f1os anteriores.<\/p>\n<p data-sourcepos=\"7:1-7:154\">A pesar de reconocer las <strong><em>\u00ablimitaciones propias de pelear contra fen\u00f3menos naturales\u00bb<\/em><\/strong>, el CEO de Aerotec se mostr\u00f3<em><strong> \u00abcontento\u00bb<\/strong><\/em> con los resultados obtenidos.<\/p>\n<p data-sourcepos=\"9:1-9:504\">Cardona tambi\u00e9n abord\u00f3 la perspectiva internacional de la modificaci\u00f3n clim\u00e1tica, se\u00f1alando que Argentina no es el \u00fanico lugar donde se implementan estas t\u00e9cnicas. Mencion\u00f3 la existencia de <em><strong>\u00abm\u00faltiples proyectos en todo el mundo de modificaci\u00f3n clim\u00e1tica o gesti\u00f3n del acu\u00edfero atmosf\u00e9rico\u00bb.<\/strong><\/em> Explic\u00f3 que la siembra de nubes tiene diversas aplicaciones beneficiosas, que van m\u00e1s all\u00e1 de la disminuci\u00f3n de da\u00f1os por granizo, incluyendo el incremento de lluvias y la dispersi\u00f3n de niebla.<\/p>\n<p data-sourcepos=\"11:1-11:507\">En cuanto al financiamiento futuro del sistema, Cardona remarc\u00f3 la necesidad de avanzar hacia <em><strong>\u00absistemas mixtos\u00bb<\/strong><\/em>, es decir p\u00fablico-privados. Desde la perspectiva de Aerotec, existe un gran inter\u00e9s en <em><strong>\u00abincentivar cualquier sistema que sea un mix p\u00fablico-privado, siempre buscando la eficiencia\u00bb<\/strong><\/em> para lograr los objetivos. Subray\u00f3 la importancia de la eficiencia, detallando que, de 3.000 tormentas observadas, solo se sembraron 45, lo que demuestra un trabajo \u00abquir\u00fargico\u00bb que optimiza el uso de recursos y reduce costos.<\/p>\n<p data-sourcepos=\"13:1-13:836\">Finalmente, Cardona se refiri\u00f3 a la reciente <em><strong>\u00abupgrade del sistema\u00bb<\/strong><\/em>, impulsada por la vasta experiencia de pilotos y t\u00e9cnicos de radar. El objetivo, al ser convocados hace seis meses, fue<em><strong> \u00abtratar de que el sistema fuera un sistema mejor\u00bb<\/strong><\/em>. Esto se logr\u00f3 incorporando la experiencia internacional de una empresa con presencia en m\u00e1s de 20 pa\u00edses y sumando tecnolog\u00eda de punta. <em><strong>\u00abHubo mucha m\u00e1s tecnolog\u00eda a disposici\u00f3n para la toma de decisiones, se logr\u00f3 tener una eficiencia enorme en cantidad de horas de vuelo necesarias y en cantidad de cartuchos y bengalas necesarias\u00bb<\/strong><\/em>, concluy\u00f3, afirmando que estas mejoras hacen que el sistema sea <em><strong>\u00abm\u00e1s sustentable en el tiempo\u00bb.<\/strong><\/em><\/p>\n","protected":false},"excerpt":{"rendered":"<p>Diego Cardona, CEO de AEROTEC ARGENTINA S.A., ofreci\u00f3 un balance positivo sobre el soporte t\u00e9cnico, log\u00edstico y profesional brindado por la &#8230;<\/p>\n","protected":false},"author":7,"featured_media":146939,"comment_status":"open","ping_status":"open","sticky":false,"template":"","format":"standard","meta":{"footnotes":""},"categories":[5,197],"tags":[],"class_list":["post-147045","post","type-post","status-publish","format-standard","has-post-thumbnail","hentry","category-actualidad","category-lucha-antigranizo"],"_links":{"self":[{"href":"https:\/\/vinasfm.com\/noticias\/wp-json\/wp\/v2\/posts\/147045","targetHints":{"allow":["GET"]}}],"collection":[{"href":"https:\/\/vinasfm.com\/noticias\/wp-json\/wp\/v2\/posts"}],"about":[{"href":"https:\/\/vinasfm.com\/noticias\/wp-json\/wp\/v2\/types\/post"}],"author":[{"embeddable":true,"href":"https:\/\/vinasfm.com\/noticias\/wp-json\/wp\/v2\/users\/7"}],"replies":[{"embeddable":true,"href":"https:\/\/vinasfm.com\/noticias\/wp-json\/wp\/v2\/comments?post=147045"}],"version-history":[{"count":1,"href":"https:\/\/vinasfm.com\/noticias\/wp-json\/wp\/v2\/posts\/147045\/revisions"}],"predecessor-version":[{"id":147048,"href":"https:\/\/vinasfm.com\/noticias\/wp-json\/wp\/v2\/posts\/147045\/revisions\/147048"}],"wp:featuredmedia":[{"embeddable":true,"href":"https:\/\/vinasfm.com\/noticias\/wp-json\/wp\/v2\/media\/146939"}],"wp:attachment":[{"href":"https:\/\/vinasfm.com\/noticias\/wp-json\/wp\/v2\/media?parent=147045"}],"wp:term":[{"taxonomy":"category","embeddable":true,"href":"https:\/\/vinasfm.com\/noticias\/wp-json\/wp\/v2\/categories?post=147045"},{"taxonomy":"post_tag","embeddable":true,"href":"https:\/\/vinasfm.com\/noticias\/wp-json\/wp\/v2\/tags?post=147045"}],"curies":[{"name":"wp","href":"https:\/\/api.w.org\/{rel}","templated":true}]}}