{"id":147006,"date":"2025-04-17T10:58:16","date_gmt":"2025-04-17T13:58:16","guid":{"rendered":"https:\/\/vinasfm.com\/noticias\/?p=147006"},"modified":"2025-04-18T10:16:52","modified_gmt":"2025-04-18T13:16:52","slug":"147006-2","status":"publish","type":"post","link":"https:\/\/vinasfm.com\/noticias\/147006-2\/","title":{"rendered":"UN MOTOCICLISTA RESULT\u00d3 LESIONADA TRAS PROTAGONIZAR UN SINIESTRO VIAL"},"content":{"rendered":"<h4 data-sourcepos=\"3:1-3:262\">Un siniestro vial ocurrido en la tarde del <strong>mi\u00e9rcoles 16 de abril<\/strong>, alrededor de las <strong>16:50 horas<\/strong>, en la intersecci\u00f3n de las calles Silvio Triccerri y Av. Alvear Este, dej\u00f3 como saldo una mujer con lesiones.<\/h4>\n<p data-sourcepos=\"5:1-5:414\">Seg\u00fan la informaci\u00f3n proporcionada, el incidente se produjo cuando una motocicleta marca Corven Mirage, dominio A116CCQ, conducida por \u00c1ngel R., que circulaba por Avenida Alvear Este en direcci\u00f3n oeste, colision\u00f3 con una camioneta Ford Eco Sport, dominio HYO.615, conducida por <strong>Noem\u00ed R., de 19 a\u00f1os<\/strong>, que transitaba por calle Triccherri de sur a norte.<\/p>\n<p data-sourcepos=\"7:1-7:392\"><strong>A ra\u00edz del impacto, la conductora de la motocicleta sufri\u00f3 una fuerte ca\u00edda. Personal policial que arrib\u00f3 al lugar tras un llamado al 911 solicit\u00f3 una ambulancia<\/strong>. El masculino lesionado fue trasladado\u00a0 al nosocomio local, donde fue asistida por la Dra. Bustamante, quien diagnostic\u00f3 <strong>Fractura de radio mano derecha y excoriaciones faciales<\/strong>, quedando internada en observaci\u00f3n.<\/p>\n<p data-sourcepos=\"9:1-9:160\">Las actuaciones correspondientes al siniestro vial quedaron a cargo de la Oficina Fiscal de jurisdicci\u00f3n, que investigar\u00e1 las causas que originaron la colisi\u00f3n.<\/p>\n","protected":false},"excerpt":{"rendered":"<p>Un siniestro vial ocurrido en la tarde del mi\u00e9rcoles 16 de abril, alrededor de las 16:50 horas, en la intersecci\u00f3n de &#8230;<\/p>\n","protected":false},"author":7,"featured_media":147008,"comment_status":"open","ping_status":"open","sticky":false,"template":"","format":"standard","meta":{"footnotes":""},"categories":[4,184],"tags":[],"class_list":["post-147006","post","type-post","status-publish","format-standard","has-post-thumbnail","hentry","category-policiales","category-siniestro-vial"],"_links":{"self":[{"href":"https:\/\/vinasfm.com\/noticias\/wp-json\/wp\/v2\/posts\/147006","targetHints":{"allow":["GET"]}}],"collection":[{"href":"https:\/\/vinasfm.com\/noticias\/wp-json\/wp\/v2\/posts"}],"about":[{"href":"https:\/\/vinasfm.com\/noticias\/wp-json\/wp\/v2\/types\/post"}],"author":[{"embeddable":true,"href":"https:\/\/vinasfm.com\/noticias\/wp-json\/wp\/v2\/users\/7"}],"replies":[{"embeddable":true,"href":"https:\/\/vinasfm.com\/noticias\/wp-json\/wp\/v2\/comments?post=147006"}],"version-history":[{"count":5,"href":"https:\/\/vinasfm.com\/noticias\/wp-json\/wp\/v2\/posts\/147006\/revisions"}],"predecessor-version":[{"id":147057,"href":"https:\/\/vinasfm.com\/noticias\/wp-json\/wp\/v2\/posts\/147006\/revisions\/147057"}],"wp:featuredmedia":[{"embeddable":true,"href":"https:\/\/vinasfm.com\/noticias\/wp-json\/wp\/v2\/media\/147008"}],"wp:attachment":[{"href":"https:\/\/vinasfm.com\/noticias\/wp-json\/wp\/v2\/media?parent=147006"}],"wp:term":[{"taxonomy":"category","embeddable":true,"href":"https:\/\/vinasfm.com\/noticias\/wp-json\/wp\/v2\/categories?post=147006"},{"taxonomy":"post_tag","embeddable":true,"href":"https:\/\/vinasfm.com\/noticias\/wp-json\/wp\/v2\/tags?post=147006"}],"curies":[{"name":"wp","href":"https:\/\/api.w.org\/{rel}","templated":true}]}}