{"id":147003,"date":"2025-04-17T10:31:03","date_gmt":"2025-04-17T13:31:03","guid":{"rendered":"https:\/\/vinasfm.com\/noticias\/?p=147003"},"modified":"2025-04-18T10:05:14","modified_gmt":"2025-04-18T13:05:14","slug":"seguridad-brindo-consejos-para-el-uso-correcto-del-cinturon-de-seguridad-durante-semana-santa","status":"publish","type":"post","link":"https:\/\/vinasfm.com\/noticias\/seguridad-brindo-consejos-para-el-uso-correcto-del-cinturon-de-seguridad-durante-semana-santa\/","title":{"rendered":"SEGURIDAD BRIND\u00d3 CONSEJOS PARA EL USO CORRECTO DEL CINTUR\u00d3N DE SEGURIDAD DURANTE SEMANA SANTA"},"content":{"rendered":"<h4>Ante el aumento de veh\u00edculos en circulaci\u00f3n durante el fin de semana largo, la Unidad Ejecutiva de Seguridad Vial brinda medidas obligatorias para viajar de forma segura.<\/h4>\n<p>Con la llegada del fin de semana largo por Semana Santa, la <strong>Unidad Ejecutiva de Seguridad Vial recuerda a la poblaci\u00f3n la importancia de adoptar medidas de seguridad al viajar por las rutas mendocinas.<\/strong><\/p>\n<p>El director Orlando Corval\u00e1n destac\u00f3 que uno de los puntos clave en la prevenci\u00f3n de accidentes es el uso adecuado del cintur\u00f3n de seguridad y los sistemas de retenci\u00f3n infantil.<\/p>\n<p>En ese sentido,<strong> es fundamental que todos los ocupantes de un veh\u00edculo deben utilizar este elemento de seguridad, tanto en los asientos delanteros como traseros.<\/strong><\/p>\n<p>Los menores de 12 a\u00f1os deben viajar en los asientos traseros con el cintur\u00f3n de seguridad abrochado. Adem\u00e1s, los ni\u00f1os de 4 a\u00f1os deben ir en butacas homologadas (sistemas de retenci\u00f3n infantil). Estos sistemas deben seleccionarse en funci\u00f3n del peso del ni\u00f1o, ya que se clasifican en los siguientes grupos:<\/p>\n<ul>\n<li><strong>Grupo 0: Beb\u00e9s desde el nacimiento hasta los 10 kg<\/strong><\/li>\n<li><strong>Grupo 0+: Ni\u00f1os con peso menor a 13 kg<\/strong><\/li>\n<li><strong>Grupo I: Ni\u00f1os entre 9 y 18 kg.<\/strong><\/li>\n<li><strong>Grupo II: Ni\u00f1os entre 15 y 25 kg.<\/strong><\/li>\n<li><strong>Grupo III: Ni\u00f1os entre 22 y 36 kg, donde se pueden usar <em>busters<\/em>\u00a0o butacas ajustables en altura y peso.<\/strong><\/li>\n<\/ul>\n<p>Adem\u00e1s, las mascotas que viajan en el veh\u00edculo deben ir en los asientos traseros y estar debidamente sujetas. <strong>De este modo, se evitar\u00e1 que se conviertan en un peligro tanto para ellas mismas como para los ocupantes del veh\u00edculo.<\/strong><\/p>\n","protected":false},"excerpt":{"rendered":"<p>Ante el aumento de veh\u00edculos en circulaci\u00f3n durante el fin de semana largo, la Unidad Ejecutiva de Seguridad Vial brinda medidas &#8230;<\/p>\n","protected":false},"author":7,"featured_media":147004,"comment_status":"open","ping_status":"open","sticky":false,"template":"","format":"standard","meta":{"footnotes":""},"categories":[33,56],"tags":[],"class_list":["post-147003","post","type-post","status-publish","format-standard","has-post-thumbnail","hentry","category-seguridad","category-seguridad-vial"],"_links":{"self":[{"href":"https:\/\/vinasfm.com\/noticias\/wp-json\/wp\/v2\/posts\/147003","targetHints":{"allow":["GET"]}}],"collection":[{"href":"https:\/\/vinasfm.com\/noticias\/wp-json\/wp\/v2\/posts"}],"about":[{"href":"https:\/\/vinasfm.com\/noticias\/wp-json\/wp\/v2\/types\/post"}],"author":[{"embeddable":true,"href":"https:\/\/vinasfm.com\/noticias\/wp-json\/wp\/v2\/users\/7"}],"replies":[{"embeddable":true,"href":"https:\/\/vinasfm.com\/noticias\/wp-json\/wp\/v2\/comments?post=147003"}],"version-history":[{"count":1,"href":"https:\/\/vinasfm.com\/noticias\/wp-json\/wp\/v2\/posts\/147003\/revisions"}],"predecessor-version":[{"id":147005,"href":"https:\/\/vinasfm.com\/noticias\/wp-json\/wp\/v2\/posts\/147003\/revisions\/147005"}],"wp:featuredmedia":[{"embeddable":true,"href":"https:\/\/vinasfm.com\/noticias\/wp-json\/wp\/v2\/media\/147004"}],"wp:attachment":[{"href":"https:\/\/vinasfm.com\/noticias\/wp-json\/wp\/v2\/media?parent=147003"}],"wp:term":[{"taxonomy":"category","embeddable":true,"href":"https:\/\/vinasfm.com\/noticias\/wp-json\/wp\/v2\/categories?post=147003"},{"taxonomy":"post_tag","embeddable":true,"href":"https:\/\/vinasfm.com\/noticias\/wp-json\/wp\/v2\/tags?post=147003"}],"curies":[{"name":"wp","href":"https:\/\/api.w.org\/{rel}","templated":true}]}}