{"id":146985,"date":"2025-04-17T09:26:36","date_gmt":"2025-04-17T12:26:36","guid":{"rendered":"https:\/\/vinasfm.com\/noticias\/?p=146985"},"modified":"2025-04-17T11:53:51","modified_gmt":"2025-04-17T14:53:51","slug":"cornejo-le-pagara-us280-000-a-la-uncuyo-para-que-revise-como-trabajan-los-empleados-estatales","status":"publish","type":"post","link":"https:\/\/vinasfm.com\/noticias\/cornejo-le-pagara-us280-000-a-la-uncuyo-para-que-revise-como-trabajan-los-empleados-estatales\/","title":{"rendered":"CORNEJO LE PAGAR\u00c1 U$S280.000 A LA UNCUYO PARA QUE REVISE C\u00d3MO TRABAJAN LOS EMPLEADOS ESTATALES"},"content":{"rendered":"<h4>El gobernador pidi\u00f3 esa auditor\u00eda externa para poner la lupa en la eficiencia del trabajo p\u00fablico. Se har\u00e1 en etapas, comenzando por la administraci\u00f3n central.<\/h4>\n<article class=\"article-body first\">\n<div class=\"article-content\">\n<div class=\"cuerpo\" data-twitter-link=\"\">\n<p>No es nuevo. Cada vez que puede<strong>\u00a0Alfredo Cornejo<\/strong>\u00a0se dedica a revisar la planta de\u00a0<strong>empleados estatales<\/strong>\u00a0para saber c\u00f3mo trabajan, con qu\u00e9 eficiencia, c\u00f3mo se distribuyen y qu\u00e9 servicios prestan. Lo hizo en su primera gesti\u00f3n cuando detect\u00f3 que hab\u00eda un porcentaje en edad de jubilarse que segu\u00eda trabajando, y lo har\u00e1 ahora nuevamente al pedirle a la\u00a0<strong>UNCuyo<\/strong>\u00a0que audite a esa planta de empleados p\u00fablicos.<\/p>\n<\/div>\n<\/div>\n<\/article>\n<article class=\"article-body\">\n<div class=\"article-content\">\n<div class=\"cuerpo\" data-twitter-link=\"\">\n<p>Para esa auditor\u00eda -que har\u00e1 las veces de radiograf\u00eda de los\u00a0<strong>empleados estatales<\/strong>-, el Gobierno firm\u00f3 con la\u00a0<strong>UNCuyo<\/strong>\u00a0un convenio por el que acord\u00f3 pagarle U$S280.000 en 4 etapas. As\u00ed qued\u00f3 marcado en el decreto 2761 que se public\u00f3 este mi\u00e9rcoles en el Bolet\u00edn Oficial.<\/p>\n<p>Seg\u00fan lo publicado el monto que pagar\u00e1 el Gobierno fue calculado al tipo de cambio vendedor del Banco Naci\u00f3n del 28 de noviembre de 2024, fijado en $1.009 por d\u00f3lar, lo que supone $70.630.000. Los fondos ser\u00e1n transferidos a la\u00a0<strong>Fundaci\u00f3n Universidad Nacional de Cuyo (FUNC).<\/strong><\/p>\n<\/div>\n<\/div>\n<\/article>\n<p><img decoding=\"async\" src=\"https:\/\/media.diariouno.com.ar\/p\/692de87952aaeb87a81c89f03fcbe589\/adjuntos\/298\/imagenes\/009\/330\/0009330660\/1200x0\/smart\/natalio-mema-gabinete-cornejo.jpeg\" alt=\"El ministro de Gobierno, Natalio Mema, confirm\u00f3 que el convenio que firmaron con la UNCuyo para auditar a los empleados estatales supone un pago total de U$S280.000.\" \/><\/p>\n<h6>Natalio Mema, Ministro de Gobierno de Mendoza.<\/h6>\n<p><strong><em>\u00abLo que pretendemos con esta auditor\u00eda externa es ordenar el diverso mundo de los empleados estatales, porque queremos por ejemplo conocer precisamente los procesos de los distintos tr\u00e1mites, saber si tenemos las dotaciones \u00f3ptimas, si necesitamos m\u00e1s empleados o no. Sin reducirle el sueldo a nadie, pensar en c\u00f3mo se trabaja para definir si hay incentivos, hoy trabajar en el Estado no tiene est\u00edmulos de salario y eso puede mejorar el servicio\u00bb<\/em><\/strong>, apunt\u00f3 el ministro de Gobierno, Natalio Mema.<\/p>\n<p>Precisamente ese ministerio de Gobierno, Infraestructura y Desarrollo Territorial, fue el que firm\u00f3 el convenio con la rectora de la UNCuyo,\u00a0<strong>Esther S\u00e1nchez<\/strong>.<\/p>\n<h2>Qu\u00e9 hacen hoy los 92.500 empleados estatales<\/h2>\n<p>En el Gobierno saben que hoy cuentan con unos 92.500\u00a0<strong>empleados estatales<\/strong>, aunque la cifra podr\u00eda variar dependiendo de c\u00f3mo se contabilizan los docentes (hay trabajadores de la educaci\u00f3n que tienen menos de 18 horas c\u00e1tedras que son la que conforman un cargo docente, pero en el Estado los contabilizan por cargo).<\/p>\n<p>En ellos pondr\u00e1n la lupa y tambi\u00e9n en el marco legal que los regula. Es que por ejemplo la\u00a0<strong>ley provincial 5811<\/strong>, que estipula la remuneraci\u00f3n de los empleados estatales, y que tuvo 15 modificaciones.<\/p>\n<p><em><strong>\u00abHay profesionales revisando todas esas modificaciones, que ni siquiera est\u00e1n en un mismo texto, y mirando tambi\u00e9n las distintas paritarias de los \u00faltimos 20 a\u00f1os para sacar conclusiones y ordenar todo eso\u00bb<\/strong><\/em>, concluy\u00f3 Mema.<\/p>\n","protected":false},"excerpt":{"rendered":"<p>El gobernador pidi\u00f3 esa auditor\u00eda externa para poner la lupa en la eficiencia del trabajo p\u00fablico. Se har\u00e1 en etapas, comenzando &#8230;<\/p>\n","protected":false},"author":7,"featured_media":146986,"comment_status":"open","ping_status":"open","sticky":false,"template":"","format":"standard","meta":{"footnotes":""},"categories":[77,214],"tags":[],"class_list":["post-146985","post","type-post","status-publish","format-standard","has-post-thumbnail","hentry","category-gobierno","category-uncuyo"],"_links":{"self":[{"href":"https:\/\/vinasfm.com\/noticias\/wp-json\/wp\/v2\/posts\/146985","targetHints":{"allow":["GET"]}}],"collection":[{"href":"https:\/\/vinasfm.com\/noticias\/wp-json\/wp\/v2\/posts"}],"about":[{"href":"https:\/\/vinasfm.com\/noticias\/wp-json\/wp\/v2\/types\/post"}],"author":[{"embeddable":true,"href":"https:\/\/vinasfm.com\/noticias\/wp-json\/wp\/v2\/users\/7"}],"replies":[{"embeddable":true,"href":"https:\/\/vinasfm.com\/noticias\/wp-json\/wp\/v2\/comments?post=146985"}],"version-history":[{"count":1,"href":"https:\/\/vinasfm.com\/noticias\/wp-json\/wp\/v2\/posts\/146985\/revisions"}],"predecessor-version":[{"id":146987,"href":"https:\/\/vinasfm.com\/noticias\/wp-json\/wp\/v2\/posts\/146985\/revisions\/146987"}],"wp:featuredmedia":[{"embeddable":true,"href":"https:\/\/vinasfm.com\/noticias\/wp-json\/wp\/v2\/media\/146986"}],"wp:attachment":[{"href":"https:\/\/vinasfm.com\/noticias\/wp-json\/wp\/v2\/media?parent=146985"}],"wp:term":[{"taxonomy":"category","embeddable":true,"href":"https:\/\/vinasfm.com\/noticias\/wp-json\/wp\/v2\/categories?post=146985"},{"taxonomy":"post_tag","embeddable":true,"href":"https:\/\/vinasfm.com\/noticias\/wp-json\/wp\/v2\/tags?post=146985"}],"curies":[{"name":"wp","href":"https:\/\/api.w.org\/{rel}","templated":true}]}}