{"id":146980,"date":"2025-04-15T16:42:04","date_gmt":"2025-04-15T19:42:04","guid":{"rendered":"https:\/\/vinasfm.com\/noticias\/?p=146980"},"modified":"2025-04-17T09:36:47","modified_gmt":"2025-04-17T12:36:47","slug":"cable-panorama-noticia-cumplio-38-anos-informando-a-general-alvear","status":"publish","type":"post","link":"https:\/\/vinasfm.com\/noticias\/cable-panorama-noticia-cumplio-38-anos-informando-a-general-alvear\/","title":{"rendered":"CABLE PANORAMA NOTICIAS CUMPLI\u00d3 38 A\u00d1OS INFORMANDO A GENERAL ALVEAR"},"content":{"rendered":"<h4>Cable Panorama, un verdadero referente de la comunicaci\u00f3n en General Alvear, conmemora su 38\u00b0 aniversario desde su inicio formal de transmisiones el 15 de abril de 1987. As\u00ed lo record\u00f3 Adolfo S\u00e1nchez Pesce, figura emblem\u00e1tica de TVCOA, en di\u00e1logo con FM VI\u00d1AS donde repas\u00f3 los inicios y la trascendencia de este medio para la comunidad.<\/h4>\n<p>El 15 de abril de 1987 marc\u00f3 el inicio de una trayectoria informativa que ha acompa\u00f1ado a los hogares de General Alvear durante 36 a\u00f1os: el comienzo de las emisiones de <strong>Cable Panorama Noticias<\/strong>. Desde entonces, este medio se ha convertido en un referente indispensable para la comunidad local.<\/p>\n<p>Sin embargo, la historia de Cable Panorama se remonta a\u00fan m\u00e1s atr\u00e1s. Tal como relat\u00f3 <span style=\"color: #003366;\"><strong>S\u00e1nchez Pesce<\/strong><\/span>, los primeros trabajos para establecer el servicio de televisi\u00f3n por cable comenzaron en 1982 de la mano de<span style=\"color: #003366;\"><strong> Jorge Barraquero<\/strong><\/span>. En abril de 1985, hace ya 40 a\u00f1os, se concret\u00f3 la primera entrega de se\u00f1al a los hogares <span class=\"error misspelling\" title=\"Se ha encontrado un posible error ortogr\u00e1fico.\" data-type=\"misspelling\" data-suggestions=\"[{&quot;value&quot;:&quot;albeldenses&quot;}]\" data-rule=\"MORFOLOGIK_RULE_ES\" data-word=\"alvearenses\">alvearenses<\/span>. A pesar de este hito <em><strong><span class=\"grammar correction\" title=\"En una tipograf\u00eda cuidada, use comillas tipogr\u00e1ficas.\" data-type=\"grammar\" data-suggestions=\"[{&quot;value&quot;:&quot;\u201c&quot;},{&quot;value&quot;:&quot;\u00ab&quot;}]\" data-rule=\"COMILLAS_TIPOGRAFICAS\" data-word=\"&quot;\">\u201c<\/span>nunca se hizo un acto inaugural porque era tanta la necesidad de sumar abonados que olvidamos de celebrar un d\u00eda de fundaci\u00f3n<span class=\"grammar correction\" title=\"En una tipograf\u00eda cuidada, use comillas tipogr\u00e1ficas.\" data-type=\"grammar\" data-suggestions=\"[{&quot;value&quot;:&quot;\u201d&quot;},{&quot;value&quot;:&quot;\u00bb&quot;}]\" data-rule=\"COMILLAS_TIPOGRAFICAS\" data-word=\"&quot;\">\u201d<\/span>.<\/strong><\/em><\/p>\n<p><img decoding=\"async\" src=\"https:\/\/scontent.fmdz4-1.fna.fbcdn.net\/v\/t39.30808-6\/489925856_1083653230459174_121241137026440064_n.jpg?_nc_cat=100&amp;ccb=1-7&amp;_nc_sid=127cfc&amp;_nc_eui2=AeFiT_yEEPx4yVgi5S7nRP5deedAzpoS2Bp550DOmhLYGgfs2Tw0il7P8jsVrFf5-gYGZlmOQwJ_ry0WooJQiPpB&amp;_nc_ohc=eF8IZl6ONx4Q7kNvwGmmQut&amp;_nc_oc=AdmUbHK_lzX6ohZ_Gnsm-UfTOmpkFbsSfP2rPKxL0Z5HiJ-GcSd7quHflx_1OsYf5Fc&amp;_nc_zt=23&amp;_nc_ht=scontent.fmdz4-1.fna&amp;_nc_gid=_pFZrlcDpTw3dduEdjhJIg&amp;oh=00_AfGKdqvkG6tacp_7yVxKTHG7o68nPD4w9hARDiqnuLRtCw&amp;oe=6806B874\" alt=\"Puede ser una imagen de 1 persona, televisor y texto que dice &quot;able anma ana \u1323&quot;\" \/><\/p>\n<p>El reconocido periodista tambi\u00e9n rememor\u00f3 los desaf\u00edos iniciales, incluyendo problemas con la primera antena satelital y las dificultades econ\u00f3micas generadas por la \u00e9poca. <em><strong><span class=\"grammar correction\" title=\"En una tipograf\u00eda cuidada, use comillas tipogr\u00e1ficas.\" data-type=\"grammar\" data-suggestions=\"[{&quot;value&quot;:&quot;\u201c&quot;},{&quot;value&quot;:&quot;\u00ab&quot;}]\" data-rule=\"COMILLAS_TIPOGRAFICAS\" data-word=\"&quot;\">\u201c<\/span>En ese tiempo no hab\u00eda telefon\u00eda, ni microondas, ni <span class=\"misspelling correction\" title=\"Se ha encontrado un posible error ortogr\u00e1fico.\" data-type=\"misspelling\" data-suggestions=\"[{&quot;value&quot;:&quot;exist\u00eda&quot;}]\" data-rule=\"MORFOLOGIK_RULE_ES\" data-word=\"exisit\u00eda\">exist\u00eda<\/span> la fibra \u00f3ptica. Todo se manejaba por antena y cable<span class=\"grammar correction\" title=\"En una tipograf\u00eda cuidada, use comillas tipogr\u00e1ficas.\" data-type=\"grammar\" data-suggestions=\"[{&quot;value&quot;:&quot;\u201d&quot;},{&quot;value&quot;:&quot;\u00bb&quot;}]\" data-rule=\"COMILLAS_TIPOGRAFICAS\" data-word=\"&quot;\">\u201d<\/span><\/strong><\/em>, se\u00f1al\u00f3.\u00a0 Recordando los inicios, relat\u00f3 que <em><strong><span class=\"grammar correction\" title=\"En una tipograf\u00eda cuidada, use comillas tipogr\u00e1ficas.\" data-type=\"grammar\" data-suggestions=\"[{&quot;value&quot;:&quot;\u201c&quot;},{&quot;value&quot;:&quot;\u00ab&quot;}]\" data-rule=\"COMILLAS_TIPOGRAFICAS\" data-word=\"&quot;\">\u201c<\/span>luego de un viaje, Jorge apareci\u00f3 un d\u00eda con una c\u00e1mara. Con esa empezamos a trabajar<span class=\"grammar correction\" title=\"En una tipograf\u00eda cuidada, use comillas tipogr\u00e1ficas.\" data-type=\"grammar\" data-suggestions=\"[{&quot;value&quot;:&quot;\u201d&quot;},{&quot;value&quot;:&quot;\u00bb&quot;}]\" data-rule=\"COMILLAS_TIPOGRAFICAS\" data-word=\"&quot;\">\u201d<\/span>.<\/strong> <\/em>La primera transmisi\u00f3n que el equipo hizo desde exteriores fue frente al edificio de TVCOA, durante la V\u00eda Blanca de la Reinas, luego surgi\u00f3 la idea de realizar un informativo, junto a Walter Omar Santander. Fue el propio Santander quien le dio el nombre de Cable Panorama.<\/p>\n<p>A lo largo de los a\u00f1os, el servicio de noticias ha evolucionado y se ha adaptado a las necesidades de su audiencia. El horario de emisi\u00f3n se traslad\u00f3 al mediod\u00eda, y el equipo period\u00edstico se enriqueci\u00f3 con la incorporaci\u00f3n de profesionales como<span style=\"color: #003366;\"><strong> <span class=\"error misspelling\" title=\"Se ha encontrado un posible error ortogr\u00e1fico.\" data-type=\"misspelling\" data-suggestions=\"[{&quot;value&quot;:&quot;Fani&quot;},{&quot;value&quot;:&quot;Fan&quot;},{&quot;value&quot;:&quot;Ani&quot;},{&quot;value&quot;:&quot;Ca\u00f1y&quot;},{&quot;value&quot;:&quot;Dani&quot;},{&quot;value&quot;:&quot;FANI&quot;},{&quot;value&quot;:&quot;Fabi&quot;}]\" data-rule=\"MORFOLOGIK_RULE_ES\" data-word=\"Fany\">Fany<\/span> <span class=\"error misspelling\" title=\"Se ha encontrado un posible error ortogr\u00e1fico.\" data-type=\"misspelling\" data-suggestions=\"[{&quot;value&quot;:&quot;Salud&quot;},{&quot;value&quot;:&quot;La\u00fad&quot;},{&quot;value&quot;:&quot;Saud\u00ed&quot;},{&quot;value&quot;:&quot;Sauz&quot;},{&quot;value&quot;:&quot;SAD&quot;},{&quot;value&quot;:&quot;Saad&quot;},{&quot;value&quot;:&quot;Said&quot;}]\" data-rule=\"MORFOLOGIK_RULE_ES\" data-word=\"Saud\">Saud<\/span><\/strong><\/span>, siendo ella la primera mujer en integrarse al equipo, <span style=\"color: #003366;\"><strong>Patricia Porta, Edgardo Pesce, Mario <span class=\"error misspelling\" title=\"Se ha encontrado un posible error ortogr\u00e1fico.\" data-type=\"misspelling\" data-suggestions=\"[{&quot;value&quot;:&quot;Rubik&quot;},{&quot;value&quot;:&quot;Rudi&quot;},{&quot;value&quot;:&quot;R\u00farik&quot;}]\" data-rule=\"MORFOLOGIK_RULE_ES\" data-word=\"Rudyk\">Rudyk<\/span>, Mar\u00eda Bel\u00e9n Mart\u00ednez, <span class=\"error grammar\" title=\"Posible error de ortograf\u00eda.\" data-type=\"grammar\" data-suggestions=\"[{&quot;value&quot;:&quot;Rudy Fern\u00e1ndez&quot;},{&quot;value&quot;:&quot;Rudy Fernandez&quot;}]\" data-rule=\"ES_MULTITOKEN_SPELLING_TWO\" data-word=\"Rody Fern\u00e1ndez\">Rody Fern\u00e1ndez<\/span>, Viviana Rodr\u00edguez, <span class=\"error misspelling\" title=\"Se ha encontrado un posible error ortogr\u00e1fico.\" data-type=\"misspelling\" data-suggestions=\"[{&quot;value&quot;:&quot;Miryam&quot;},{&quot;value&quot;:&quot;Myriam&quot;},{&quot;value&quot;:&quot;M\u00edriam&quot;},{&quot;value&quot;:&quot;Mariam&quot;},{&quot;value&quot;:&quot;Maryam&quot;},{&quot;value&quot;:&quot;Meriam&quot;},{&quot;value&quot;:&quot;Mirian&quot;}]\" data-rule=\"MORFOLOGIK_RULE_ES\" data-word=\"Miriam\">Miriam<\/span> Ruiz, Alfredo Barroso, Mar\u00eda Jos\u00e9 Aguas, Hugo Magallanes, Fernando <span class=\"error misspelling\" title=\"Se ha encontrado un posible error ortogr\u00e1fico.\" data-type=\"misspelling\" data-suggestions=\"[{&quot;value&quot;:&quot;Bureta&quot;},{&quot;value&quot;:&quot;Burnett&quot;}]\" data-rule=\"MORFOLOGIK_RULE_ES\" data-word=\"Burett\">Burett<\/span>, Nina <span class=\"error misspelling\" title=\"Se ha encontrado un posible error ortogr\u00e1fico.\" data-type=\"misspelling\" data-suggestions=\"[{&quot;value&quot;:&quot;Decir&quot;},{&quot;value&quot;:&quot;Les&quot;},{&quot;value&quot;:&quot;Ley&quot;},{&quot;value&quot;:&quot;Lesi\u00f3n&quot;},{&quot;value&quot;:&quot;Tesis&quot;},{&quot;value&quot;:&quot;Ley\u00f3&quot;},{&quot;value&quot;:&quot;Lesa&quot;}]\" data-rule=\"MORFOLOGIK_RULE_ES\" data-word=\"Lesik\">Lesik<\/span> y Diego Musa.<\/strong><\/span><\/p>\n<p><img loading=\"lazy\" decoding=\"async\" class=\"\" src=\"https:\/\/scontent.fmdz5-1.fna.fbcdn.net\/v\/t39.30808-6\/490224020_1083653353792495_5217577123976069737_n.jpg?_nc_cat=103&amp;ccb=1-7&amp;_nc_sid=127cfc&amp;_nc_eui2=AeFwViSAHMBlIp6mS-7LBIjerBcmcoWsyW6sFyZyhazJbg6xZKl_EKNGfJ8vWwB7-cpCDVQKpB1HVHGBec79wZnJ&amp;_nc_ohc=WoxIoa8mcNAQ7kNvwElrftY&amp;_nc_oc=AdnZdyYev4LHtBFUqingo0xd2uQFOyTZrwa4gTOXJdGa5Baq4yc763rMcU-BXlOgRws&amp;_nc_zt=23&amp;_nc_ht=scontent.fmdz5-1.fna&amp;_nc_gid=Ie2XUSSg1fhVhJ1u_hnsLg&amp;oh=00_AfEtFuRhgHVGWvlQFk786otzo-3OTN--63HrxjVub8Tbeg&amp;oe=6806C777\" alt=\"Puede ser una imagen de 5 personas, televisor y sala de prensa\" width=\"349\" height=\"262\" \/> <img loading=\"lazy\" decoding=\"async\" class=\"\" src=\"https:\/\/scontent.fmdz5-1.fna.fbcdn.net\/v\/t39.30808-6\/491213874_1083653360459161_6040549353714758380_n.jpg?_nc_cat=104&amp;ccb=1-7&amp;_nc_sid=127cfc&amp;_nc_eui2=AeHPfwVAU8PLuksZnIe1MEH_bqMf2km-EdFuox_aSb4R0QYpO2iUok3P4vcUhEf2Utw6lVPOXJrZz3GBJsbOAAcK&amp;_nc_ohc=06FXEp5taEIQ7kNvwEEgMZE&amp;_nc_oc=AdmbQfbQtg1-LiD4AE_ghVMP70idQJ0_Kaqfw28t3ybdHTmdEqpPeQJRSOjmTZxMMms&amp;_nc_zt=23&amp;_nc_ht=scontent.fmdz5-1.fna&amp;_nc_gid=yO04Pl2PcknOKZMUlTY5Ng&amp;oh=00_AfGbPbt79Wm09BEMWm-fuR5Hp3d8jVW87atP6nl_UznMlA&amp;oe=6806DDFA\" alt=\"Puede ser una imagen de 5 personas\" width=\"349\" height=\"262\" \/><\/p>\n<p>El enorme archivo de Cable Panorama es un tesoro invaluable para el departamento, resguardado durante los \u00faltimos 38 y que hoy nos permiten recordar miles de historias que tuvieron a General Alvear como escenario. Seg\u00fan mencion\u00f3 Adolfo S\u00e1nchez Pesce, hay m\u00e1s de 2.000 VHS archivados y destac\u00f3 que <em><strong><span class=\"grammar correction\" title=\"En una tipograf\u00eda cuidada, use comillas tipogr\u00e1ficas.\" data-type=\"grammar\" data-suggestions=\"[{&quot;value&quot;:&quot;\u201c&quot;},{&quot;value&quot;:&quot;\u00ab&quot;}]\" data-rule=\"COMILLAS_TIPOGRAFICAS\" data-word=\"&quot;\">\u201c<\/span>el cambio y evoluci\u00f3n en la tecnolog\u00eda, hoy nos permite guardar tantas de historia de forma m\u00e1s f\u00e1cil<span class=\"grammar correction\" title=\"En una tipograf\u00eda cuidada, use comillas tipogr\u00e1ficas.\" data-type=\"grammar\" data-suggestions=\"[{&quot;value&quot;:&quot;\u201d&quot;},{&quot;value&quot;:&quot;\u00bb&quot;}]\" data-rule=\"COMILLAS_TIPOGRAFICAS\" data-word=\"&quot;\">\u201d<\/span>.<\/strong><\/em><\/p>\n<p>En la actualidad, CPN es conducido por <span style=\"color: #003366;\"><strong>Emanuel Vallejos<\/strong> <\/span>y <span style=\"color: #003366;\">Gustavo Romero<\/span>, la edici\u00f3n central contin\u00faa a las 13:00 horas, llevando a los hogares la informaci\u00f3n m\u00e1s relevante de la regi\u00f3n. Adolfo contin\u00faa formando parte del equipo del servicio de noticias, pues est\u00e1 a cargo de la coordinaci\u00f3n general; su enorme trabajo y dedicaci\u00f3n lo han llevado a convertirse en un referente de la comunicaci\u00f3n en General Alvear.<\/p>\n<p><img loading=\"lazy\" decoding=\"async\" class=\"\" src=\"https:\/\/scontent.fmdz4-1.fna.fbcdn.net\/v\/t39.30808-6\/490352181_1083653303792500_4351810420419945765_n.jpg?_nc_cat=109&amp;ccb=1-7&amp;_nc_sid=127cfc&amp;_nc_eui2=AeHCULkPneWyZcM5O97S6NgRXMrELpuBf1RcysQum4F_VL93Cok0ppxrjWUwH5SMM15WdSRwba7_DE4_RwS23rcs&amp;_nc_ohc=rj_mwAqdoRkQ7kNvwHm6Hhq&amp;_nc_oc=AdkOVPKg4T2hNuVn2DqKhxNAzYM_nULFV44EyFuWMQFb02pbboARIKFnUyt2Gh1oQ1U&amp;_nc_zt=23&amp;_nc_ht=scontent.fmdz4-1.fna&amp;_nc_gid=B4KPJAqC4D_v8bfC0Yy2uw&amp;oh=00_AfGhDt7gMFmWQu6zdh3J1Tb_9ocjHKXTUH1ROq-LEC8yRg&amp;oe=6806C3E5\" alt=\"Puede ser una imagen de 4 personas, televisor, sala de prensa y texto que dice &quot;FelizD\u00eda Feti D\u00eda M 8 PERIODIS CT E&quot;\" width=\"348\" height=\"261\" \/> <img loading=\"lazy\" decoding=\"async\" class=\"\" src=\"https:\/\/scontent.fmdz5-1.fna.fbcdn.net\/v\/t39.30808-6\/490224020_1083653353792495_5217577123976069737_n.jpg?_nc_cat=103&amp;ccb=1-7&amp;_nc_sid=127cfc&amp;_nc_eui2=AeFwViSAHMBlIp6mS-7LBIjerBcmcoWsyW6sFyZyhazJbg6xZKl_EKNGfJ8vWwB7-cpCDVQKpB1HVHGBec79wZnJ&amp;_nc_ohc=WoxIoa8mcNAQ7kNvwElrftY&amp;_nc_oc=AdnZdyYev4LHtBFUqingo0xd2uQFOyTZrwa4gTOXJdGa5Baq4yc763rMcU-BXlOgRws&amp;_nc_zt=23&amp;_nc_ht=scontent.fmdz5-1.fna&amp;_nc_gid=Ie2XUSSg1fhVhJ1u_hnsLg&amp;oh=00_AfEtFuRhgHVGWvlQFk786otzo-3OTN--63HrxjVub8Tbeg&amp;oe=6806C777\" alt=\"Puede ser una imagen de 5 personas, televisor y sala de prensa\" width=\"348\" height=\"261\" \/><\/p>\n<p>Con informaci\u00f3n de <a href=\"https:\/\/www.facebook.com\/photo\/?fbid=1083814033776427&amp;set=pcb.1083654830459014\">Cr\u00f3nicas Departamentales<\/a>.<\/p>\n","protected":false},"excerpt":{"rendered":"<p>Cable Panorama, un verdadero referente de la comunicaci\u00f3n en General Alvear, conmemora su 38\u00b0 aniversario desde su inicio formal de transmisiones &#8230;<\/p>\n","protected":false},"author":7,"featured_media":146981,"comment_status":"open","ping_status":"open","sticky":false,"template":"","format":"standard","meta":{"footnotes":""},"categories":[5,10],"tags":[],"class_list":["post-146980","post","type-post","status-publish","format-standard","has-post-thumbnail","hentry","category-actualidad","category-destacadas"],"_links":{"self":[{"href":"https:\/\/vinasfm.com\/noticias\/wp-json\/wp\/v2\/posts\/146980","targetHints":{"allow":["GET"]}}],"collection":[{"href":"https:\/\/vinasfm.com\/noticias\/wp-json\/wp\/v2\/posts"}],"about":[{"href":"https:\/\/vinasfm.com\/noticias\/wp-json\/wp\/v2\/types\/post"}],"author":[{"embeddable":true,"href":"https:\/\/vinasfm.com\/noticias\/wp-json\/wp\/v2\/users\/7"}],"replies":[{"embeddable":true,"href":"https:\/\/vinasfm.com\/noticias\/wp-json\/wp\/v2\/comments?post=146980"}],"version-history":[{"count":4,"href":"https:\/\/vinasfm.com\/noticias\/wp-json\/wp\/v2\/posts\/146980\/revisions"}],"predecessor-version":[{"id":146989,"href":"https:\/\/vinasfm.com\/noticias\/wp-json\/wp\/v2\/posts\/146980\/revisions\/146989"}],"wp:featuredmedia":[{"embeddable":true,"href":"https:\/\/vinasfm.com\/noticias\/wp-json\/wp\/v2\/media\/146981"}],"wp:attachment":[{"href":"https:\/\/vinasfm.com\/noticias\/wp-json\/wp\/v2\/media?parent=146980"}],"wp:term":[{"taxonomy":"category","embeddable":true,"href":"https:\/\/vinasfm.com\/noticias\/wp-json\/wp\/v2\/categories?post=146980"},{"taxonomy":"post_tag","embeddable":true,"href":"https:\/\/vinasfm.com\/noticias\/wp-json\/wp\/v2\/tags?post=146980"}],"curies":[{"name":"wp","href":"https:\/\/api.w.org\/{rel}","templated":true}]}}