{"id":146971,"date":"2025-04-17T08:23:36","date_gmt":"2025-04-17T11:23:36","guid":{"rendered":"https:\/\/vinasfm.com\/noticias\/?p=146971"},"modified":"2025-04-17T10:31:55","modified_gmt":"2025-04-17T13:31:55","slug":"real-del-padre-festejo-su-aniversario-115-en-plaza-san-martin","status":"publish","type":"post","link":"https:\/\/vinasfm.com\/noticias\/real-del-padre-festejo-su-aniversario-115-en-plaza-san-martin\/","title":{"rendered":"REAL DEL PADRE FESTEJ\u00d3 SU ANIVERSARIO 115 EN PLAZA SAN MART\u00cdN"},"content":{"rendered":"<h4><strong>Ante una nutrida convocatoria de vecinos y frente a la Plaza San Mart\u00edn, el distrito de\u00a0Real del Padre\u00a0en el departamento de\u00a0San Rafael\u00a0conmemor\u00f3 su\u00a0115\u00ba\u00a0aniversario. Cientos de vecinos, instituciones, entidades y fuerzas vivas de la zona se sumaron a las celebraciones en las que estuvo presente el Intendente\u00a0Omar F\u00e9lix.<\/strong><\/h4>\n<p>El jefe comunal destac\u00f3\u00a0<strong>la resiliencia de la comunidad realpadrina para sobreponerse a las adversidades<\/strong>\u00a0y remarc\u00f3 el esfuerzo para\u00a0<strong>\u201csuperar una contingencia que no tiene precedentes en la historia moderna\u201d<\/strong>, en relaci\u00f3n con la\u00a0<strong>devastadora tormenta acaecida en enero<\/strong>.<\/p>\n<p>Tras el acto protocolar\u00a0<strong>se realiz\u00f3 un reconocimiento a los integrantes de estamentos p\u00fablicos y privados\u00a0<\/strong>que trabajaron para normalizar los servicios tras la contingencia. Posteriormente dio lugar un desfile c\u00edvico tradicionalista en el que participaron las instituciones educativas, cooperativas, clubes, academias y fuerzas de seguridad del distrito.<\/p>\n<p>En la plaza\u00a0<strong>se montaron diferentes stands con artesanos, emprendedores y propuestas gastron\u00f3micas<\/strong>, mientras que sobre el escenario se presentaron diferentes shows art\u00edsticos.<\/p>\n<h3>Obras en el distrito de Real del Padre<\/h3>\n<p>El Plan de Obras municipales tambi\u00e9n se ejecuta en el distrito. Es que en las \u00faltimas horas\u00a0<strong>comenzaron los trabajos para remodelar el parque Infantil \u201cAbuelo Miguel\u201d, que quedar\u00e1 totalmente renovado para los m\u00e1s peque\u00f1os del distrito.<\/strong><\/p>\n<p>En territorio realpadrino tambi\u00e9n se realiz\u00f3\u00a0<strong>un intenso trabajo de recambio y adecuaci\u00f3n de luminarias<\/strong>, se colocaron nuevas garitas para transporte p\u00fablico de pasajeros y se colocan carteles nomencladores en diferentes calles.<\/p>\n<div id=\"729584-Libre-1063082591_wrap\" class=\"embed_cont type_imagen\" contenteditable=\"false\"><\/div>\n","protected":false},"excerpt":{"rendered":"<p>Ante una nutrida convocatoria de vecinos y frente a la Plaza San Mart\u00edn, el distrito de\u00a0Real del Padre\u00a0en el departamento de\u00a0San &#8230;<\/p>\n","protected":false},"author":7,"featured_media":146972,"comment_status":"open","ping_status":"open","sticky":false,"template":"","format":"standard","meta":{"footnotes":""},"categories":[5],"tags":[],"class_list":["post-146971","post","type-post","status-publish","format-standard","has-post-thumbnail","hentry","category-actualidad"],"_links":{"self":[{"href":"https:\/\/vinasfm.com\/noticias\/wp-json\/wp\/v2\/posts\/146971","targetHints":{"allow":["GET"]}}],"collection":[{"href":"https:\/\/vinasfm.com\/noticias\/wp-json\/wp\/v2\/posts"}],"about":[{"href":"https:\/\/vinasfm.com\/noticias\/wp-json\/wp\/v2\/types\/post"}],"author":[{"embeddable":true,"href":"https:\/\/vinasfm.com\/noticias\/wp-json\/wp\/v2\/users\/7"}],"replies":[{"embeddable":true,"href":"https:\/\/vinasfm.com\/noticias\/wp-json\/wp\/v2\/comments?post=146971"}],"version-history":[{"count":1,"href":"https:\/\/vinasfm.com\/noticias\/wp-json\/wp\/v2\/posts\/146971\/revisions"}],"predecessor-version":[{"id":146973,"href":"https:\/\/vinasfm.com\/noticias\/wp-json\/wp\/v2\/posts\/146971\/revisions\/146973"}],"wp:featuredmedia":[{"embeddable":true,"href":"https:\/\/vinasfm.com\/noticias\/wp-json\/wp\/v2\/media\/146972"}],"wp:attachment":[{"href":"https:\/\/vinasfm.com\/noticias\/wp-json\/wp\/v2\/media?parent=146971"}],"wp:term":[{"taxonomy":"category","embeddable":true,"href":"https:\/\/vinasfm.com\/noticias\/wp-json\/wp\/v2\/categories?post=146971"},{"taxonomy":"post_tag","embeddable":true,"href":"https:\/\/vinasfm.com\/noticias\/wp-json\/wp\/v2\/tags?post=146971"}],"curies":[{"name":"wp","href":"https:\/\/api.w.org\/{rel}","templated":true}]}}