{"id":146963,"date":"2025-04-16T10:47:22","date_gmt":"2025-04-16T13:47:22","guid":{"rendered":"https:\/\/vinasfm.com\/noticias\/?p=146963"},"modified":"2025-04-17T10:20:59","modified_gmt":"2025-04-17T13:20:59","slug":"anzorena-puso-en-valor-el-buen-funcionamiento-de-la-lucha-antigranizo-en-el-oasis-sur","status":"publish","type":"post","link":"https:\/\/vinasfm.com\/noticias\/anzorena-puso-en-valor-el-buen-funcionamiento-de-la-lucha-antigranizo-en-el-oasis-sur\/","title":{"rendered":"ANZORENA PUSO EN VALOR EL BUEN FUNCIONAMIENTO DE LA LUCHA ANTIGRANIZO EN EL OASIS SUR"},"content":{"rendered":"<h4 data-sourcepos=\"3:1-3:395\">Tras un per\u00edodo de incertidumbre luego de la decisi\u00f3n provincial de dar de baja el Sistema de Lucha Antigranizo, el departamento de General Alvear logr\u00f3 asegurar su continuidad gracias a la gesti\u00f3n del Intendente Alejandro Molero y al compromiso de los ciudadanos. As\u00ed lo asegur\u00f3 el Director de Agricultura del municipio, Agust\u00edn Anzorena, en di\u00e1logo con FM VI\u00d1AS.<\/h4>\n<p data-sourcepos=\"5:1-5:421\">Anzorena explic\u00f3 que, ante la medida provincial, se inici\u00f3 un arduo trabajo de gesti\u00f3n por parte del intendente Molero, principalmente con el Gobierno de la Provincia y el <span style=\"color: #003366;\"><strong>Ministerio de la Producci\u00f3n Rodolfo Vargas Arizu<\/strong><\/span>, para lograr que el sistema no se discontinuara. Un paso fundamental en este proceso fue la <strong>articulaci\u00f3n con el departamento vecino de San Rafael, entendiendo que la protecci\u00f3n del Oasis Sur requiere un abordaje integral.<\/strong><\/p>\n<p data-sourcepos=\"7:1-7:229\"><em><strong>\u00abEl Oasis Sur es compartido, no es un Oasis General Alvear ni un Oasis San Rafael, y no se puede hacer lucha en un solo departamento. Ambos municipios se comprometieron para trabajar en conjunto porque, de lo contrario, perd\u00edamos la Lucha Antigranizo\u00bb<\/strong><\/em>, se\u00f1al\u00f3 Anzorena.<\/p>\n<p data-sourcepos=\"9:1-9:430\">Afortunadamente, las gestiones dieron sus frutos y se conform\u00f3 un fideicomiso entre ambos departamentos. En General Alvear, se cre\u00f3 una ordenanza municipal que establece el cobro de una tasa del 4% en la boleta de electricidad para financiar el sistema. <strong><em>\u00abTenemos que agradecerle al HCD y principalmente a todos los ciudadanos en general de Alvear, que hicieron posible que la lucha contin\u00fae\u00bb<\/em><\/strong>, destac\u00f3 el director de Agricultura.<\/p>\n<p data-sourcepos=\"11:1-11:346\">Anzorena reconoci\u00f3 que la medida gener\u00f3 diversas opiniones, pero enfatiz\u00f3 la importancia de la lucha antigranizo para los sistemas productivos del departamento. Adem\u00e1s, hizo referencia a la discusi\u00f3n previa sobre la efectividad del sistema, respaldando su utilidad: <em><strong>\u00abPersonalmente yo creo que es muy \u00fatil, pero tambi\u00e9n escuchamos que dice la ciudadan\u00eda en general. La C\u00e1mara de Comercio, los productores, todos entend\u00edan que el sistema deb\u00eda continuar. Por eso fueron las gestiones del Intendente\u00bb<\/strong><\/em>, expres\u00f3 y agreg\u00f3 <em><strong>\u00abno fue un campricho, fue una urgencia\u00bb.<\/strong><\/em><\/p>\n<p data-sourcepos=\"15:1-15:322\"><strong><span style=\"color: #003366;\">Agust\u00edn Anzorena<\/span><\/strong> valor\u00f3 los resultados de la \u00faltima temporada, donde General Alvear se vio relativamente beneficiada por la naturaleza y por el funcionamiento del sistema, con aproximadamente 150 hect\u00e1reas afectadas en la Colonia Rusa. En San Rafael, seg\u00fan datos estad\u00edsticos, la afectaci\u00f3n rond\u00f3 el 5% de la superficie cultivada.<\/p>\n<p data-sourcepos=\"17:1-17:495\">En este punto, Anzorena agradeci\u00f3 al Gobierno de la Provincia por su acompa\u00f1amiento, a pesar de la decisi\u00f3n inicial de discontinuar el sistema.<em><strong> \u00abProvincia tom\u00f3 una decisi\u00f3n de que el sistema no continuara, pero escuch\u00f3 los reclamos del Oasis Sur y no solo nos acompa\u00f1\u00f3, aport\u00f3 dinero al fideicomiso y en un principio nos prest\u00f3 las aeronaves para que ese mes, esos 40 d\u00edas antes que empezara a operar la Weather Modification, lo hicieran el Aeroclub de San Rafael\u00bb<\/strong><\/em>, resalt\u00f3.<\/p>\n<p data-sourcepos=\"17:1-17:495\"><a href=\"https:\/\/vinasfm.com\/noticias\/wp-content\/uploads\/2025\/04\/Imagen-de-WhatsApp-2025-04-16-a-las-08.47.50_d6297e6e.jpg\"><img loading=\"lazy\" decoding=\"async\" class=\"wp-image-146940 aligncenter\" src=\"https:\/\/vinasfm.com\/noticias\/wp-content\/uploads\/2025\/04\/Imagen-de-WhatsApp-2025-04-16-a-las-08.47.50_d6297e6e-1024x683.jpg\" alt=\"\" width=\"600\" height=\"400\" srcset=\"https:\/\/vinasfm.com\/noticias\/wp-content\/uploads\/2025\/04\/Imagen-de-WhatsApp-2025-04-16-a-las-08.47.50_d6297e6e-1024x683.jpg 1024w, https:\/\/vinasfm.com\/noticias\/wp-content\/uploads\/2025\/04\/Imagen-de-WhatsApp-2025-04-16-a-las-08.47.50_d6297e6e-300x200.jpg 300w, https:\/\/vinasfm.com\/noticias\/wp-content\/uploads\/2025\/04\/Imagen-de-WhatsApp-2025-04-16-a-las-08.47.50_d6297e6e-768x512.jpg 768w, https:\/\/vinasfm.com\/noticias\/wp-content\/uploads\/2025\/04\/Imagen-de-WhatsApp-2025-04-16-a-las-08.47.50_d6297e6e-1536x1024.jpg 1536w, https:\/\/vinasfm.com\/noticias\/wp-content\/uploads\/2025\/04\/Imagen-de-WhatsApp-2025-04-16-a-las-08.47.50_d6297e6e.jpg 1600w\" sizes=\"auto, (max-width: 600px) 100vw, 600px\" \/><\/a><\/p>\n<p data-sourcepos=\"19:1-19:465\">Mirando hacia el futuro, Anzorena se\u00f1al\u00f3 que, una vez finalizada la temporada, <strong>se deber\u00e1 analizar la situaci\u00f3n y volver a conversar con la provincia y con San Rafael para la pr\u00f3xima campa\u00f1a.<\/strong> Destac\u00f3 la importancia del <strong>consenso entre departamentos con diferentes signos pol\u00edticos para el beneficio de la ciudadan\u00eda, no solo del sector productivo, sino tambi\u00e9n del tur\u00edstico y de la poblaci\u00f3n en general<\/strong>, considerando los da\u00f1os que ocasionan las tormentas de granizo.<\/p>\n<p data-sourcepos=\"21:1-21:397\">Finalmente, el funcionario se refiri\u00f3 a la situaci\u00f3n de los precios de los productos agr\u00edcolas. Anzorena lament\u00f3 que, a pesar de las expectativas, los precios no fueron buenos en casi ning\u00fan rubro.<em><strong> \u00abSiempre se espera un buen precio, ven\u00edamos con una visi\u00f3n, con otra perspectiva\u00bb<\/strong><\/em>, indic\u00f3.<\/p>\n<p data-sourcepos=\"23:1-23:372\">El Director de Agricultura consider\u00f3 que las causas de esta depresi\u00f3n econ\u00f3mica regional son m\u00faltiples, incluyendo la apertura comercial y el bajo consumo. <strong><em>\u00abCreo que hay que esperar y analizar la situaci\u00f3n para entender qu\u00e9 realmente fue lo que pas\u00f3\u00bb<\/em><\/strong>, concluy\u00f3 Agust\u00edn Anzorena.<\/p>\n","protected":false},"excerpt":{"rendered":"<p>Tras un per\u00edodo de incertidumbre luego de la decisi\u00f3n provincial de dar de baja el Sistema de Lucha Antigranizo, el departamento &#8230;<\/p>\n","protected":false},"author":7,"featured_media":146964,"comment_status":"open","ping_status":"open","sticky":false,"template":"","format":"standard","meta":{"footnotes":""},"categories":[5,197],"tags":[],"class_list":["post-146963","post","type-post","status-publish","format-standard","has-post-thumbnail","hentry","category-actualidad","category-lucha-antigranizo"],"_links":{"self":[{"href":"https:\/\/vinasfm.com\/noticias\/wp-json\/wp\/v2\/posts\/146963","targetHints":{"allow":["GET"]}}],"collection":[{"href":"https:\/\/vinasfm.com\/noticias\/wp-json\/wp\/v2\/posts"}],"about":[{"href":"https:\/\/vinasfm.com\/noticias\/wp-json\/wp\/v2\/types\/post"}],"author":[{"embeddable":true,"href":"https:\/\/vinasfm.com\/noticias\/wp-json\/wp\/v2\/users\/7"}],"replies":[{"embeddable":true,"href":"https:\/\/vinasfm.com\/noticias\/wp-json\/wp\/v2\/comments?post=146963"}],"version-history":[{"count":1,"href":"https:\/\/vinasfm.com\/noticias\/wp-json\/wp\/v2\/posts\/146963\/revisions"}],"predecessor-version":[{"id":146965,"href":"https:\/\/vinasfm.com\/noticias\/wp-json\/wp\/v2\/posts\/146963\/revisions\/146965"}],"wp:featuredmedia":[{"embeddable":true,"href":"https:\/\/vinasfm.com\/noticias\/wp-json\/wp\/v2\/media\/146964"}],"wp:attachment":[{"href":"https:\/\/vinasfm.com\/noticias\/wp-json\/wp\/v2\/media?parent=146963"}],"wp:term":[{"taxonomy":"category","embeddable":true,"href":"https:\/\/vinasfm.com\/noticias\/wp-json\/wp\/v2\/categories?post=146963"},{"taxonomy":"post_tag","embeddable":true,"href":"https:\/\/vinasfm.com\/noticias\/wp-json\/wp\/v2\/tags?post=146963"}],"curies":[{"name":"wp","href":"https:\/\/api.w.org\/{rel}","templated":true}]}}