{"id":146952,"date":"2025-04-16T10:03:31","date_gmt":"2025-04-16T13:03:31","guid":{"rendered":"https:\/\/vinasfm.com\/noticias\/?p=146952"},"modified":"2025-04-17T09:32:47","modified_gmt":"2025-04-17T12:32:47","slug":"caleidoscopio-de-los-sentidos-se-inauguro-una-muestra-colectiva-de-arte","status":"publish","type":"post","link":"https:\/\/vinasfm.com\/noticias\/caleidoscopio-de-los-sentidos-se-inauguro-una-muestra-colectiva-de-arte\/","title":{"rendered":"CALEIDOSCOPIO DE LOS SENTIDOS: SE INAUGUR\u00d3 UNA MUESTRA COLECTIVA DE ARTE"},"content":{"rendered":"<h4><strong>En el marco del D\u00eda Mundial del Arte, se inaugur\u00f3 en Casa Salonia la muestra colectiva \u201cCaleidoscopio de los Sentidos\u201d, organizada por la Direcci\u00f3n de Cultura, en conjunto con el IES Salvador Calafat.<\/strong><\/h4>\n<p>La exposici\u00f3n re\u00fane obras de artistas visuales locales, entre ellos profesores y egresados de la carrera de Artes Visuales del IES. La muestra incluye una variedad de lenguajes y t\u00e9cnicas como pintura, cer\u00e1mica, escultura, grabado, fotograf\u00eda y dibujo, reflejando la riqueza y diversidad del arte que se produce en el departamento.<\/p>\n<p>Gabriela Chiapa, desde la Direcci\u00f3n de Cultura, destac\u00f3 el valor simb\u00f3lico de la fecha:<em><strong> \u201ces el D\u00eda Mundial del Arte, en homenaje al nacimiento de Leonardo da Vinci, un \u00edcono universal, y qu\u00e9 mejor manera de celebrarlo que con una muestra que pone en valor el talento local y el trabajo colaborativo entre la cultura y la educaci\u00f3n\u201d<\/strong><\/em>.<\/p>\n<p>Por su parte, el profesor Carlos Oca\u00f1a, del profesorado de Artes Visuales del IES Salvador Calafat, remarc\u00f3 la amplia participaci\u00f3n y la calidad de las obras: <em><strong>\u201capenas recibimos la invitaci\u00f3n de Cultura, empezamos a convocarnos. La respuesta fue excelente, esta muestra re\u00fane expresiones muy distintas y potentes que merecen ser vistas y disfrutadas\u201d.<\/strong><\/em><\/p>\n<p>Caleidoscopio de los Sentidos, estar\u00e1 disponible hasta el 18 de mayo, fecha en que cerrar\u00e1 en el marco de <span style=\"color: #800080;\">\u201cLa Noche de los Museos\u201d<\/span>. Se podr\u00e1 visitar de lunes a viernes, de 8 a 13 hs y de 16 a 20 hs, en Casa Salonia, Diagonal Carlos Pelegrini 144, con entrada libre y gratuita.<\/p>\n<p>La comunidad est\u00e1 invitada a recorrer esta propuesta que celebra no solo a las artes visuales, sino al arte en todas sus formas: m\u00fasica, literatura, danza, arquitectura y m\u00e1s.<\/p>\n","protected":false},"excerpt":{"rendered":"<p>En el marco del D\u00eda Mundial del Arte, se inaugur\u00f3 en Casa Salonia la muestra colectiva \u201cCaleidoscopio de los Sentidos\u201d, organizada &#8230;<\/p>\n","protected":false},"author":7,"featured_media":146957,"comment_status":"open","ping_status":"open","sticky":false,"template":"","format":"standard","meta":{"footnotes":""},"categories":[19,11],"tags":[],"class_list":["post-146952","post","type-post","status-publish","format-standard","has-post-thumbnail","hentry","category-cultura","category-sociales"],"_links":{"self":[{"href":"https:\/\/vinasfm.com\/noticias\/wp-json\/wp\/v2\/posts\/146952","targetHints":{"allow":["GET"]}}],"collection":[{"href":"https:\/\/vinasfm.com\/noticias\/wp-json\/wp\/v2\/posts"}],"about":[{"href":"https:\/\/vinasfm.com\/noticias\/wp-json\/wp\/v2\/types\/post"}],"author":[{"embeddable":true,"href":"https:\/\/vinasfm.com\/noticias\/wp-json\/wp\/v2\/users\/7"}],"replies":[{"embeddable":true,"href":"https:\/\/vinasfm.com\/noticias\/wp-json\/wp\/v2\/comments?post=146952"}],"version-history":[{"count":1,"href":"https:\/\/vinasfm.com\/noticias\/wp-json\/wp\/v2\/posts\/146952\/revisions"}],"predecessor-version":[{"id":146958,"href":"https:\/\/vinasfm.com\/noticias\/wp-json\/wp\/v2\/posts\/146952\/revisions\/146958"}],"wp:featuredmedia":[{"embeddable":true,"href":"https:\/\/vinasfm.com\/noticias\/wp-json\/wp\/v2\/media\/146957"}],"wp:attachment":[{"href":"https:\/\/vinasfm.com\/noticias\/wp-json\/wp\/v2\/media?parent=146952"}],"wp:term":[{"taxonomy":"category","embeddable":true,"href":"https:\/\/vinasfm.com\/noticias\/wp-json\/wp\/v2\/categories?post=146952"},{"taxonomy":"post_tag","embeddable":true,"href":"https:\/\/vinasfm.com\/noticias\/wp-json\/wp\/v2\/tags?post=146952"}],"curies":[{"name":"wp","href":"https:\/\/api.w.org\/{rel}","templated":true}]}}