{"id":146935,"date":"2025-04-16T09:26:15","date_gmt":"2025-04-16T12:26:15","guid":{"rendered":"https:\/\/vinasfm.com\/noticias\/?p=146935"},"modified":"2025-04-17T08:23:32","modified_gmt":"2025-04-17T11:23:32","slug":"el-sistema-de-lucha-antigranizo-demostro-su-eficiencia-en-el-oasis-sur-de-mendoza","status":"publish","type":"post","link":"https:\/\/vinasfm.com\/noticias\/el-sistema-de-lucha-antigranizo-demostro-su-eficiencia-en-el-oasis-sur-de-mendoza\/","title":{"rendered":"EL SISTEMA DE LUCHA ANTIGRANIZO DEMOSTR\u00d3 SU EFICIENCIA EN EL OASIS SUR DE MENDOZA"},"content":{"rendered":"<h4>Con un acto realizado en el hangar operativo de San Rafael, el equipo t\u00e9cnico dio cierre a la campa\u00f1a 2024-2025 del Sistema de Defensa Activa contra el Granizo mediante Siembra A\u00e9rea de Nubes<em> (ADSAH)<\/em>. Todos coincidieron en que fue una experiencia positiva, no solo por los buenos resultados, sino tambi\u00e9n por el trabajo conjunto entre lo p\u00fablico y lo privado que permiti\u00f3 llevar adelante este innovador modelo de protecci\u00f3n clim\u00e1tica en el sur de Mendoza.<\/h4>\n<p>El sistema fue adjudicado mediante licitaci\u00f3n p\u00fablica a la empresa <strong>A Fondo Group SA<\/strong>, que trabaj\u00f3 junto a la firma estadounidense <strong>Weather Modification International<\/strong><em> (WMI)<\/em>, con m\u00e1s de 30 a\u00f1os de experiencia en este tipo de sistemas, y con la colaboraci\u00f3n t\u00e9cnica de Aerotec. Adem\u00e1s, participaron profesionales de Argentina, Estados Unidos y Canad\u00e1.<\/p>\n<p>El objetivo fue claro:<strong> reducir el tama\u00f1o del granizo para evitar da\u00f1os tanto en las zonas urbanas como rurales, cuidando a las familias y su producci\u00f3n.<\/strong><\/p>\n<p>Desde que comenz\u00f3 la campa\u00f1a, el 3 de enero de 2025, se monitorearon 3.012 tormentas. De ellas, 45 n\u00facleos fueron sembrados porque ten\u00edan alto riesgo de provocar granizo. Como resultado, solo 4 provocaron granizo, y fue de tama\u00f1o muy peque\u00f1o. Se realizaron 61 vuelos con una duraci\u00f3n acumulada de 127 horas, y se utilizaron 3.262 bengalas eyectables y 584 bengalas de quema directa, todas fabricadas en Estados Unidos bajo altos est\u00e1ndares de calidad.<\/p>\n<p>Las aeronaves utilizadas fueron Beechcraft B200 Super King Air, equipadas con radares meteorol\u00f3gicos de \u00faltima tecnolog\u00eda y con sistemas que dispersan yoduro de plata, un compuesto que act\u00faa dentro de las tormentas para formar cristales de hielo m\u00e1s peque\u00f1os, lo que ayuda a que el granizo se reduzca o se transforme en lluvia.<\/p>\n<p>El seguimiento de cada tormenta se hizo en tiempo real a trav\u00e9s de la plataforma p\u00fablica wmiradar.com\/argentina, donde se pod\u00eda ver la trayectoria de los aviones y el desarrollo de las nubes. Tambi\u00e9n hubo un canal de WhatsApp con el pron\u00f3stico diario y la estrategia para cada jornada.<\/p>\n<h2>Los n\u00fameros de hect\u00e1reas afectadas indican que fue positivo:<\/h2>\n<ul>\n<li>En General Alvear, de 11.000 hect\u00e1reas cultivadas, se vieron afectadas 110, es decir, un 1%.<\/li>\n<li>En San Rafael, los da\u00f1os fueron en 2.500 hect\u00e1reas de 50.000, lo que representa un 5%.<\/li>\n<li>En total, en todo el oasis sur, se afectaron 2.600 hect\u00e1reas de 61.000, lo que equivale a un 4,26%.<\/li>\n<\/ul>\n<p>Adem\u00e1s, <strong>no se reportaron denuncias por da\u00f1os de granizo en ninguna empresa de seguros.<\/strong> Las \u00fanicas denuncias recibidas fueron por da\u00f1os causados por el viento, principalmente \u00e1rboles y ramas que cayeron sobre veh\u00edculos.<\/p>\n<p><a href=\"https:\/\/vinasfm.com\/noticias\/wp-content\/uploads\/2025\/04\/Imagen-de-WhatsApp-2025-04-16-a-las-08.47.51_1e813c8d.jpg\"><img loading=\"lazy\" decoding=\"async\" class=\"alignnone wp-image-146938\" src=\"https:\/\/vinasfm.com\/noticias\/wp-content\/uploads\/2025\/04\/Imagen-de-WhatsApp-2025-04-16-a-las-08.47.51_1e813c8d-1024x684.jpg\" alt=\"\" width=\"350\" height=\"234\" srcset=\"https:\/\/vinasfm.com\/noticias\/wp-content\/uploads\/2025\/04\/Imagen-de-WhatsApp-2025-04-16-a-las-08.47.51_1e813c8d-1024x684.jpg 1024w, https:\/\/vinasfm.com\/noticias\/wp-content\/uploads\/2025\/04\/Imagen-de-WhatsApp-2025-04-16-a-las-08.47.51_1e813c8d-300x200.jpg 300w, https:\/\/vinasfm.com\/noticias\/wp-content\/uploads\/2025\/04\/Imagen-de-WhatsApp-2025-04-16-a-las-08.47.51_1e813c8d-768x513.jpg 768w, https:\/\/vinasfm.com\/noticias\/wp-content\/uploads\/2025\/04\/Imagen-de-WhatsApp-2025-04-16-a-las-08.47.51_1e813c8d-1536x1025.jpg 1536w, https:\/\/vinasfm.com\/noticias\/wp-content\/uploads\/2025\/04\/Imagen-de-WhatsApp-2025-04-16-a-las-08.47.51_1e813c8d.jpg 1600w\" sizes=\"auto, (max-width: 350px) 100vw, 350px\" \/><\/a> <a href=\"https:\/\/vinasfm.com\/noticias\/wp-content\/uploads\/2025\/04\/Imagen-de-WhatsApp-2025-04-16-a-las-08.47.52_66873178.jpg\"><img loading=\"lazy\" decoding=\"async\" class=\"alignnone wp-image-146939\" src=\"https:\/\/vinasfm.com\/noticias\/wp-content\/uploads\/2025\/04\/Imagen-de-WhatsApp-2025-04-16-a-las-08.47.52_66873178-1024x684.jpg\" alt=\"\" width=\"350\" height=\"234\" srcset=\"https:\/\/vinasfm.com\/noticias\/wp-content\/uploads\/2025\/04\/Imagen-de-WhatsApp-2025-04-16-a-las-08.47.52_66873178-1024x684.jpg 1024w, https:\/\/vinasfm.com\/noticias\/wp-content\/uploads\/2025\/04\/Imagen-de-WhatsApp-2025-04-16-a-las-08.47.52_66873178-300x200.jpg 300w, https:\/\/vinasfm.com\/noticias\/wp-content\/uploads\/2025\/04\/Imagen-de-WhatsApp-2025-04-16-a-las-08.47.52_66873178-768x513.jpg 768w, https:\/\/vinasfm.com\/noticias\/wp-content\/uploads\/2025\/04\/Imagen-de-WhatsApp-2025-04-16-a-las-08.47.52_66873178-1536x1025.jpg 1536w, https:\/\/vinasfm.com\/noticias\/wp-content\/uploads\/2025\/04\/Imagen-de-WhatsApp-2025-04-16-a-las-08.47.52_66873178.jpg 1600w\" sizes=\"auto, (max-width: 350px) 100vw, 350px\" \/><\/a><\/p>\n<h6>El Sistema de Lucha Antigranizo fue eficiente durantela temporada 2023-2024.<\/h6>\n<h2>Un esfuerzo conjunto que dio frutos<\/h2>\n<p><strong><span style=\"color: #003366;\">Randy Baker<\/span><\/strong>, <em>representante de WMI<\/em>, destac\u00f3:<em><strong> \u201cNo se puede evitar que se forme el granizo, pero s\u00ed se puede reducir su impacto. Esta campa\u00f1a demostr\u00f3 que con tecnolog\u00eda y planificaci\u00f3n se pueden lograr muy buenos resultados\u201d.<\/strong><\/em><\/p>\n<p>Por su parte, <span style=\"color: #003366;\"><strong>Diego Cardama<\/strong><\/span>, <em>CEO de Aerotec<\/em>, subray\u00f3 la importancia del modelo: <em><strong>\u201cFue una experiencia \u00fanica de cooperaci\u00f3n entre el sector p\u00fablico y privado, con tecnolog\u00eda de punta y profesionales de distintos pa\u00edses. No solo protegimos al oasis sur de Mendoza, tambi\u00e9n dejamos capacidades instaladas para el futuro\u201d.<\/strong><\/em><\/p>\n<p>El <em>director de Agricultura de la Municipalidad de General Alvear<\/em>, <span style=\"color: #003366;\"><strong>Agust\u00edn Anzorena<\/strong><\/span>, afirm\u00f3 que General Alvear ha sido el m\u00e1s beneficiado por las recientes tormentas, con da\u00f1os de aproximadamente 110 hect\u00e1reas.<\/p>\n<p><em><strong>\u201cA pesar de estos da\u00f1os, se conf\u00eda en la efectividad del sistema implementado para abordar la situaci\u00f3n, y se gestionar\u00e1 para que contin\u00fae vigente en la pr\u00f3xima temporada\u201d<\/strong><\/em>. Adem\u00e1s, agradeci\u00f3 el apoyo del Gobierno de la Provincia, del municipio de San Rafael y a los habitantes del departamento por su aporte.<\/p>\n<p>Anzorena consider\u00f3 necesario comenzar a planificar la pr\u00f3xima campa\u00f1a agr\u00edcola para el oasis sur, dado el r\u00e1pido procedimiento anterior para conformar el fideicomiso y el esfuerzo requerido de diversos actores locales.<\/p>\n<p>El equipo fue liderado por <span style=\"color: #003366;\"><strong>Rub\u00e9n Omar Manzur<\/strong><\/span>, <em>veterano de Malvinas y piloto retirado de Aerol\u00edneas Argentinas<\/em>, junto a 20 especialistas entre pilotos, meteor\u00f3logos y t\u00e9cnicos. Adem\u00e1s, se formaron pilotos argentinos en el marco del programa <strong>\u201cGround School\u201d<\/strong>, que continuar\u00e1 activo para capacitar nuevos profesionales.<\/p>\n<p><a href=\"https:\/\/vinasfm.com\/noticias\/wp-content\/uploads\/2025\/04\/Imagen-de-WhatsApp-2025-04-16-a-las-08.47.50_d6297e6e.jpg\"><img loading=\"lazy\" decoding=\"async\" class=\"alignnone wp-image-146940\" src=\"https:\/\/vinasfm.com\/noticias\/wp-content\/uploads\/2025\/04\/Imagen-de-WhatsApp-2025-04-16-a-las-08.47.50_d6297e6e-1024x683.jpg\" alt=\"\" width=\"500\" height=\"333\" srcset=\"https:\/\/vinasfm.com\/noticias\/wp-content\/uploads\/2025\/04\/Imagen-de-WhatsApp-2025-04-16-a-las-08.47.50_d6297e6e-1024x683.jpg 1024w, https:\/\/vinasfm.com\/noticias\/wp-content\/uploads\/2025\/04\/Imagen-de-WhatsApp-2025-04-16-a-las-08.47.50_d6297e6e-300x200.jpg 300w, https:\/\/vinasfm.com\/noticias\/wp-content\/uploads\/2025\/04\/Imagen-de-WhatsApp-2025-04-16-a-las-08.47.50_d6297e6e-768x512.jpg 768w, https:\/\/vinasfm.com\/noticias\/wp-content\/uploads\/2025\/04\/Imagen-de-WhatsApp-2025-04-16-a-las-08.47.50_d6297e6e-1536x1024.jpg 1536w, https:\/\/vinasfm.com\/noticias\/wp-content\/uploads\/2025\/04\/Imagen-de-WhatsApp-2025-04-16-a-las-08.47.50_d6297e6e.jpg 1600w\" sizes=\"auto, (max-width: 500px) 100vw, 500px\" \/><\/a><\/p>\n<h3>Un modelo que puede replicarse<\/h3>\n<p>La experiencia de este a\u00f1o demuestra que, con trabajo en equipo, planificaci\u00f3n y tecnolog\u00eda, se puede reducir el impacto de tormentas severas. Todos los actores involucrados coincidieron en que el sistema debe mantenerse en las pr\u00f3ximas campa\u00f1as e incluso evaluarse su implementaci\u00f3n en otras regiones del pa\u00eds.<\/p>\n<p>M\u00e1s all\u00e1 de los n\u00fameros, lo que queda claro es que, frente a los desaf\u00edos clim\u00e1ticos, que cada a\u00f1o son m\u00e1s intensos y frecuentes, la respuesta debe ser colectiva. Este sistema no solo cuida la producci\u00f3n, las econom\u00edas regionales y el futuro del agro, sino tambi\u00e9n la salud y la integridad de las personas.<\/p>\n","protected":false},"excerpt":{"rendered":"<p>Con un acto realizado en el hangar operativo de San Rafael, el equipo t\u00e9cnico dio cierre a la campa\u00f1a 2024-2025 del &#8230;<\/p>\n","protected":false},"author":7,"featured_media":146937,"comment_status":"open","ping_status":"open","sticky":false,"template":"","format":"standard","meta":{"footnotes":""},"categories":[5,197],"tags":[],"class_list":["post-146935","post","type-post","status-publish","format-standard","has-post-thumbnail","hentry","category-actualidad","category-lucha-antigranizo"],"_links":{"self":[{"href":"https:\/\/vinasfm.com\/noticias\/wp-json\/wp\/v2\/posts\/146935","targetHints":{"allow":["GET"]}}],"collection":[{"href":"https:\/\/vinasfm.com\/noticias\/wp-json\/wp\/v2\/posts"}],"about":[{"href":"https:\/\/vinasfm.com\/noticias\/wp-json\/wp\/v2\/types\/post"}],"author":[{"embeddable":true,"href":"https:\/\/vinasfm.com\/noticias\/wp-json\/wp\/v2\/users\/7"}],"replies":[{"embeddable":true,"href":"https:\/\/vinasfm.com\/noticias\/wp-json\/wp\/v2\/comments?post=146935"}],"version-history":[{"count":2,"href":"https:\/\/vinasfm.com\/noticias\/wp-json\/wp\/v2\/posts\/146935\/revisions"}],"predecessor-version":[{"id":146941,"href":"https:\/\/vinasfm.com\/noticias\/wp-json\/wp\/v2\/posts\/146935\/revisions\/146941"}],"wp:featuredmedia":[{"embeddable":true,"href":"https:\/\/vinasfm.com\/noticias\/wp-json\/wp\/v2\/media\/146937"}],"wp:attachment":[{"href":"https:\/\/vinasfm.com\/noticias\/wp-json\/wp\/v2\/media?parent=146935"}],"wp:term":[{"taxonomy":"category","embeddable":true,"href":"https:\/\/vinasfm.com\/noticias\/wp-json\/wp\/v2\/categories?post=146935"},{"taxonomy":"post_tag","embeddable":true,"href":"https:\/\/vinasfm.com\/noticias\/wp-json\/wp\/v2\/tags?post=146935"}],"curies":[{"name":"wp","href":"https:\/\/api.w.org\/{rel}","templated":true}]}}